{"id":630,"date":"2009-04-02T07:57:00","date_gmt":"2009-04-02T07:57:00","guid":{"rendered":"http:\/\/blogs.elcomercio.es\/largo_de_cafe\/?p=630"},"modified":"2009-04-02T07:57:00","modified_gmt":"2009-04-02T07:57:00","slug":"vicio-la-politizacion","status":"publish","type":"post","link":"https:\/\/blogs.elcomercio.es\/largo_de_cafe\/2009\/04\/02\/vicio-la-politizacion\/","title":{"rendered":"EL VICIO DE LA POLITIZACI\u00d3N"},"content":{"rendered":"<p>     Mediada la legislatura, los dos partidos que forman el Gobierno de coalici\u00f3n, PSOE e IU, se han percatado que la Sindicatura de Cuentas es el principal instrumento de la pol\u00edtica de oposici\u00f3n. Portavoces de los dos partidos tachan a la Sindicatura de falta de objetividad en sus actuaciones y de actuar en connivencia con el PP. Desde el PSOE e IU se critica la falta de inter\u00e9s de los auditores por las alegaciones que presentan los organismos fiscalizados y la extra\u00f1a peripecia ocurrida con los datos de alg\u00fan informe que lleg\u00f3 antes a conocimiento de la prensa que al Consejo de la Sindicatura y a la propia empresa afectada por la investigaci\u00f3n. Todo muy pintoresco. <\/p>\n<p>     Para evitar los juicios de intenciones, y en espera de analizar el tema con m\u00e1s detenimiento, cabe preguntarse si la Sindicatura de Cuentas est\u00e1 jugando en la vida p\u00fablica asturiana un papel parecido al que desempe\u00f1an estos organismos en otras comunidades aut\u00f3nomas. En otras regiones las revisiones de las cuentas de ayuntamientos y empresas p\u00fablicas no dan paso a un juicio parlamentario con la oposici\u00f3n revestida del papel de fiscal. Asturias es la \u00fanica comunidad aut\u00f3noma en que se ha entrado en la din\u00e1mica de impugnar las actuaciones de la Administraci\u00f3n regional a partir de un control de legalidad realizado por una instituci\u00f3n te\u00f3ricamente independiente. Es curioso comprobar c\u00f3mo las actuaciones del Principado han pasado la prueba de los tribunales de Justicia, mientras que en otras regiones, con muchas sentencias judiciales adversas, los organismos auton\u00f3micos de fiscalizaci\u00f3n de la actividad econ\u00f3mica y financiera no han tenido tanto protagonismo.<\/p>\n<p>     Los partidos del Gobierno de coalici\u00f3n plantean el problema en t\u00e9rminos pol\u00edticos, al asegurar que la Sindicatura es un instrumento de la actuaci\u00f3n opositora del PP, pero cabe recordarles que el problema lo crearon ellos, porque los tres s\u00edndicos fueron elegidos por los grupos que hay ahora en la Junta General del Principado. En el Gobierno y el Parlamento hay los mismos l\u00edderes que en el a\u00f1o 2005, cuando se cre\u00f3 la Sindicatura de Cuentas. Desde estas l\u00edneas tuvimos ocasi\u00f3n de advertir que personas con un gran curr\u00edculo pol\u00edtico tendr\u00edan grandes dificultades para ser \u00e1rbitros de lo que hacen las partes.           <\/p>\n<!-- AddThis Advanced Settings generic via filter on the_content --><!-- AddThis Share Buttons generic via filter on the_content -->","protected":false},"excerpt":{"rendered":"<p>Mediada la legislatura, los dos partidos que forman el Gobierno de coalici\u00f3n, PSOE e IU, se han percatado que la Sindicatura de Cuentas es el principal instrumento de la pol\u00edtica de oposici\u00f3n. Portavoces de los dos partidos tachan a la Sindicatura de falta de objetividad en sus actuaciones y de actuar en connivencia con el [&hellip;]<!-- AddThis Advanced Settings generic via filter on get_the_excerpt --><!-- AddThis Share Buttons generic via filter on get_the_excerpt --><\/p>\n","protected":false},"author":2,"featured_media":0,"comment_status":"open","ping_status":"closed","sticky":false,"template":"","format":"standard","meta":[],"categories":[4],"tags":[],"_links":{"self":[{"href":"https:\/\/blogs.elcomercio.es\/largo_de_cafe\/wp-json\/wp\/v2\/posts\/630"}],"collection":[{"href":"https:\/\/blogs.elcomercio.es\/largo_de_cafe\/wp-json\/wp\/v2\/posts"}],"about":[{"href":"https:\/\/blogs.elcomercio.es\/largo_de_cafe\/wp-json\/wp\/v2\/types\/post"}],"author":[{"embeddable":true,"href":"https:\/\/blogs.elcomercio.es\/largo_de_cafe\/wp-json\/wp\/v2\/users\/2"}],"replies":[{"embeddable":true,"href":"https:\/\/blogs.elcomercio.es\/largo_de_cafe\/wp-json\/wp\/v2\/comments?post=630"}],"version-history":[{"count":0,"href":"https:\/\/blogs.elcomercio.es\/largo_de_cafe\/wp-json\/wp\/v2\/posts\/630\/revisions"}],"wp:attachment":[{"href":"https:\/\/blogs.elcomercio.es\/largo_de_cafe\/wp-json\/wp\/v2\/media?parent=630"}],"wp:term":[{"taxonomy":"category","embeddable":true,"href":"https:\/\/blogs.elcomercio.es\/largo_de_cafe\/wp-json\/wp\/v2\/categories?post=630"},{"taxonomy":"post_tag","embeddable":true,"href":"https:\/\/blogs.elcomercio.es\/largo_de_cafe\/wp-json\/wp\/v2\/tags?post=630"}],"curies":[{"name":"wp","href":"https:\/\/api.w.org\/{rel}","templated":true}]}}