{"id":631,"date":"2009-04-03T08:01:00","date_gmt":"2009-04-03T08:01:00","guid":{"rendered":"http:\/\/blogs.elcomercio.es\/largo_de_cafe\/?p=631"},"modified":"2009-04-03T08:01:00","modified_gmt":"2009-04-03T08:01:00","slug":"el-enredo-la-sindicatura","status":"publish","type":"post","link":"https:\/\/blogs.elcomercio.es\/largo_de_cafe\/2009\/04\/03\/el-enredo-la-sindicatura\/","title":{"rendered":"EL ENREDO DE LA SINDICATURA"},"content":{"rendered":"<p>EL debate sobre la Sindicatura de Cuentas llega acompa\u00f1ado de nombres propios. Jes\u00fas Iglesias, coordinador de IU, pide a la Sindicatura de Cuentas que act\u00fae con rigor, por ser \u00e9se el mejor aval para su existencia. El portavoz parlamentario de la coalici\u00f3n de izquierdas entiende que el \u00f3rgano fiscalizador se encuentra en un periodo de rodaje. Por su parte, Alejandra Cu\u00e9tara, portavoz del PP, considera un error de bulto considerar a la Sindicatura de Cuentas una palanca de la oposici\u00f3n. La diputada popular entiende que el Gobierno debe corregir los errores se\u00f1alados en los dict\u00e1menes de la Sindicatura. M\u00e1s fuerte fue a\u00fan la valoraci\u00f3n de Jos\u00e9 Cuervas Mons, al considerar a Caicoya y Marroqu\u00edn los perros guardianes del negocio socialista. Ni que decir tiene que Sedes y el Idepa no pasaron la evaluaci\u00f3n de la Sindicatura.<\/p>\n<p>La izquierda y la derecha tienen una valoraci\u00f3n muy distinta sobre el \u00f3rgano fiscalizador de las administraciones y empresas p\u00fablicas. Le va a ser muy dif\u00edcil a la Sindicatura mantener una oposici\u00f3n neutral en la pugna pol\u00edtica. Es muy distinto que la controversia le afectara despu\u00e9s de diez o quince a\u00f1os de actividad, que ahora, cuando est\u00e1 dando los primeros pasos. La sociedad tiene un gran desconocimiento de un organismo que ha nacido a trav\u00e9s de una negociaci\u00f3n opaca entre las c\u00fapulas partidarias, sin que fuera demandado por la sociedad. El mayor argumento que o\u00ed durante a\u00f1os a favor de crear la Sindicatura es que se trataba de una instituci\u00f3n prevista en el Estatuto. No creo que sea un razonamiento que despierte entusiasmo entre la ciudadan\u00eda. Pronosticar, como han hecho fuentes de la Sindicatura, que va a haber una bronca cada quince d\u00edas con el Ejecutivo por el contenido de los futuros dict\u00e1menes es una imprudencia may\u00fascula, que viene a confirmar la piadosa valoraci\u00f3n de Jes\u00fas Iglesias: instituci\u00f3n en etapa de rodaje. <\/p>\n<p>Abierto el debate llama la atenci\u00f3n el silencio socialista. De los tres grupos parlamentarios es el \u00fanico que no pas\u00f3 de hablar bajo el formato de fuentes a poner cara a las valoraciones. Conocida la posici\u00f3n del PP y de IU, hace falta que alguien del grupo parlamentario, de la FSA o del Principado aporte sus argumentos. Aunque sea para hablar con met\u00e1foras.<\/p>\n<!-- AddThis Advanced Settings generic via filter on the_content --><!-- AddThis Share Buttons generic via filter on the_content -->","protected":false},"excerpt":{"rendered":"<p>EL debate sobre la Sindicatura de Cuentas llega acompa\u00f1ado de nombres propios. Jes\u00fas Iglesias, coordinador de IU, pide a la Sindicatura de Cuentas que act\u00fae con rigor, por ser \u00e9se el mejor aval para su existencia. El portavoz parlamentario de la coalici\u00f3n de izquierdas entiende que el \u00f3rgano fiscalizador se encuentra en un periodo de [&hellip;]<!-- AddThis Advanced Settings generic via filter on get_the_excerpt --><!-- AddThis Share Buttons generic via filter on get_the_excerpt --><\/p>\n","protected":false},"author":2,"featured_media":0,"comment_status":"open","ping_status":"closed","sticky":false,"template":"","format":"standard","meta":[],"categories":[4],"tags":[],"_links":{"self":[{"href":"https:\/\/blogs.elcomercio.es\/largo_de_cafe\/wp-json\/wp\/v2\/posts\/631"}],"collection":[{"href":"https:\/\/blogs.elcomercio.es\/largo_de_cafe\/wp-json\/wp\/v2\/posts"}],"about":[{"href":"https:\/\/blogs.elcomercio.es\/largo_de_cafe\/wp-json\/wp\/v2\/types\/post"}],"author":[{"embeddable":true,"href":"https:\/\/blogs.elcomercio.es\/largo_de_cafe\/wp-json\/wp\/v2\/users\/2"}],"replies":[{"embeddable":true,"href":"https:\/\/blogs.elcomercio.es\/largo_de_cafe\/wp-json\/wp\/v2\/comments?post=631"}],"version-history":[{"count":0,"href":"https:\/\/blogs.elcomercio.es\/largo_de_cafe\/wp-json\/wp\/v2\/posts\/631\/revisions"}],"wp:attachment":[{"href":"https:\/\/blogs.elcomercio.es\/largo_de_cafe\/wp-json\/wp\/v2\/media?parent=631"}],"wp:term":[{"taxonomy":"category","embeddable":true,"href":"https:\/\/blogs.elcomercio.es\/largo_de_cafe\/wp-json\/wp\/v2\/categories?post=631"},{"taxonomy":"post_tag","embeddable":true,"href":"https:\/\/blogs.elcomercio.es\/largo_de_cafe\/wp-json\/wp\/v2\/tags?post=631"}],"curies":[{"name":"wp","href":"https:\/\/api.w.org\/{rel}","templated":true}]}}