{"id":633,"date":"2009-04-06T08:24:00","date_gmt":"2009-04-06T08:24:00","guid":{"rendered":"http:\/\/blogs.elcomercio.es\/largo_de_cafe\/?p=633"},"modified":"2009-04-06T08:24:00","modified_gmt":"2009-04-06T08:24:00","slug":"la-ronda-los-sindicos","status":"publish","type":"post","link":"https:\/\/blogs.elcomercio.es\/largo_de_cafe\/2009\/04\/06\/la-ronda-los-sindicos\/","title":{"rendered":"LA RONDA DE LOS S\u00cdNDICOS"},"content":{"rendered":"<p class=\"MsoNormal\" style=\"text-align: justify\">\n<p><!--[if gte mso 9]&gt;     Normal   0   21         false   false   false                             MicrosoftInternetExplorer4   &lt;![endif]--><!--[if gte mso 9]&gt;     &lt;![endif]--><!--[if !mso]&gt;  st1\\:*{behavior:url(#ieooui) }  &lt;![endif]--> <!--  \/* Font Definitions *\/  @font-face {font-family:Tahoma; panose-1:2 11 6 4 3 5 4 4 2 4; mso-font-charset:0; mso-generic-font-family:swiss; mso-font-pitch:variable; mso-font-signature:1627421319 -2147483648 8 0 66047 0;}  \/* Style Definitions *\/  p.MsoNormal, li.MsoNormal, div.MsoNormal {mso-style-parent:\"\"; margin:0cm; margin-bottom:.0001pt; mso-pagination:widow-orphan; font-size:12.0pt; font-family:\"Times New Roman\"; mso-fareast-font-family:\"Times New Roman\";} @page Section1 {size:612.0pt 792.0pt; margin:70.85pt 3.0cm 70.85pt 3.0cm; mso-header-margin:36.0pt; mso-footer-margin:36.0pt; mso-paper-source:0;} div.Section1 {page:Section1;} --> <!--[if gte mso 10]&gt;   \/* Style Definitions *\/  table.MsoNormalTable {mso-style-name:\"Tabla normal\"; mso-tstyle-rowband-size:0; mso-tstyle-colband-size:0; mso-style-noshow:yes; mso-style-parent:\"\"; mso-padding-alt:0cm 5.4pt 0cm 5.4pt; mso-para-margin:0cm; mso-para-margin-bottom:.0001pt; mso-pagination:widow-orphan; font-size:10.0pt; font-family:\"Times New Roman\"; mso-ansi-language:#0400; mso-fareast-language:#0400; mso-bidi-language:#0400;}  &lt;![endif]-->  <\/p>\n<p class=\"MsoNormal\" style=\"margin-bottom: 12pt;text-align: justify\"><span style=\"font-size: 14pt;font-family: Tahoma\">El d\u00eda 21 de este mes se cumplen cuatro a\u00f1os de la toma de posesi\u00f3n de los tres s\u00edndicos de la Sindicatura de Cuentas del Principado de Asturias. La izquierda gobernante consensu\u00f3 la ley y los nombres con la derecha, porque quer\u00eda dotar a la comunidad aut\u00f3noma de una instituci\u00f3n prevista en el Estatuto de Autonom\u00eda. Nunca entend\u00ed la necesidad de dotarse de Consejo Consultivo y Sindicatura de Cuentas, habiendo \u00f3rganos de mucha mayor competencia y acrisolada experiencia, como el Consejo de Estado y el Tribunal de Cuentas. En \u00e9ste \u00faltimo caso, la diferencia llega a ser cualitativa porque el Tribunal de Cuentas cuenta con la v\u00eda jurisdiccional, algo que est\u00e1 vetado a la Sindicatura. Sin decirlo en p\u00fablico, la izquierda manejaba otras razones para impulsar estos \u00f3rganos de asesoramiento y fiscalizaci\u00f3n: gobernaba Aznar y el Consejo de Estado y el Tribunal de Cuentas pod\u00edan recibir discretas presiones del poder. <\/span><span style=\"font-size: 14pt\"><\/span><\/p>\n<p class=\"MsoNormal\" style=\"margin-bottom: 12pt;text-align: justify\"><span style=\"font-size: 14pt\"> <\/span><\/p>\n<p class=\"MsoNormal\" style=\"margin-bottom: 12pt;text-align: justify\"><span style=\"font-size: 14pt;font-family: Tahoma\">La Sindicatura<\/span><span style=\"font-size: 14pt;font-family: Tahoma\"> de Cuentas se puso en pie a trav\u00e9s de un pacto de Estado, tal como cursan esos pactos en Asturias, que consiste en que el PP llega a la negociaci\u00f3n con el inter\u00e9s dividido entre la abstenci\u00f3n y el acuerdo, de forma que si no se aceptan sus propuestas se levanta de la mesa y a otra cosa. Para los despistados basta repasar lo ocurrido hace seis meses con la reforma del Estatuto de Autonom\u00eda que qued\u00f3 rota cuando las posiciones de los dos grandes partidos eran pr\u00e1cticamente coincidentes.<\/span><span style=\"font-size: 14pt\"><\/span><\/p>\n<p class=\"MsoNormal\" style=\"margin-bottom: 12pt;text-align: justify\"><span style=\"font-size: 14pt\"> <\/span><\/p>\n<p class=\"MsoNormal\" style=\"margin-bottom: 12pt;text-align: justify\"><span style=\"font-size: 14pt\"> <\/span><\/p>\n<p class=\"MsoNormal\" style=\"margin-bottom: 12pt;text-align: justify\"><strong><span style=\"font-size: 14pt;font-family: Tahoma\">Politizaci\u00f3n<\/span><\/strong><span style=\"font-size: 14pt\"><\/span><\/p>\n<p class=\"MsoNormal\" style=\"margin-bottom: 12pt;text-align: justify\"><span style=\"font-size: 14pt\"> <\/span><\/p>\n<p class=\"MsoNormal\" style=\"margin-bottom: 12pt;text-align: justify\"><span style=\"font-size: 14pt;font-family: Tahoma\">Fruto de todo ello, la  Sindicatura de Cuentas qued\u00f3 politizada desde el primer minuto, al no cumplirse sus previsiones, en las que constaba que para ser s\u00edndico hac\u00eda falta contar con \u201creconocida competencia y m\u00e1s de diez a\u00f1os de experiencia en las materias que versa la funci\u00f3n de la  Sindicatura\u201d. Se opt\u00f3 por meter la pol\u00edtica en la  Sindicatura y los socialistas tragaron. No puede quejarse ahora la  Junta General del Principado de contar con una Sindicatura politizada cuando fueron ellos los que incoaron ese virus en la instituci\u00f3n.<\/span><span style=\"font-size: 14pt\"><\/span><\/p>\n<p class=\"MsoNormal\" style=\"margin-bottom: 12pt;text-align: justify\"><span style=\"font-size: 14pt\"> <\/span><\/p>\n<p class=\"MsoNormal\" style=\"margin-bottom: 12pt;text-align: justify\"><span style=\"font-size: 14pt;font-family: Tahoma\">Entre los primeros pasos dados por el nuevo organismo estuvo una agria disputa sobre sueldos, que era lo \u00faltimo que necesitaba una instituci\u00f3n para contar con el respeto y el aprecio de los asturianos. Claro que fue peor en Catalu\u00f1a: se abandon\u00f3 la sede de la instituci\u00f3n, sita en un palacete modernista de la ciudad, para arrendar un piso en la  Villa Ol\u00edmpica por un mill\u00f3n de euros, a la par que el entonces s\u00edndico mayor rechazaba el coche oficial porque la tapicer\u00eda de los asientos no era id\u00e9ntica al color de la carrocer\u00eda. Como en Miami. <\/span><span style=\"font-size: 14pt\"><\/span><\/p>\n<p class=\"MsoNormal\" style=\"margin-bottom: 12pt;text-align: justify\"><span style=\"font-size: 14pt\"> <\/span><\/p>\n<p class=\"MsoNormal\" style=\"margin-bottom: 12pt;text-align: justify\"><span style=\"font-size: 14pt;font-family: Tahoma\">Los informes de la  Sindicatura constituyen una parte central del debate pol\u00edtico, entre el Gobierno y el PP. Pero lo ocurrido hasta ahora con informes de algunas sociedades, como Sedes o Idepa, no es nada comparado con lo que se avecina con la auditor\u00eda de algunos de los principales ayuntamientos, como Gij\u00f3n, Oviedo y Avil\u00e9s. <\/span><span style=\"font-size: 14pt\"><\/span><\/p>\n<p class=\"MsoNormal\" style=\"margin-bottom: 12pt;text-align: justify\"><span style=\"font-size: 14pt;font-family: Tahoma\">Recientemente, en una visita protocolaria de Avelino Viejo a Gabino de Lorenzo, se le ocurri\u00f3 afirmar al s\u00edndico mayor que una vez terminados los trabajos se iban a efectuar comparaciones entre ayuntamientos. La  Sindicatura tiene que casar los datos obtenidos con la legalidad. En ning\u00fan sitio consta que deba hacer un balance comparado entre equipos de gobierno local. No obstante, ya que la  Sindicatura de Cuentas quiere comparar gestiones municipales, hagamos algunas precisiones.<\/span><span style=\"font-size: 14pt\"><\/span><\/p>\n<p class=\"MsoNormal\" style=\"margin-bottom: 12pt;text-align: justify\"><span style=\"font-size: 14pt\"> <\/span><\/p>\n<p class=\"MsoNormal\" style=\"margin-bottom: 12pt;text-align: justify\"><strong><span style=\"font-size: 14pt;font-family: Tahoma\">Dos ciudades <\/span><\/strong><span style=\"font-size: 14pt\"><\/span><\/p>\n<p class=\"MsoNormal\" style=\"margin-bottom: 12pt;text-align: justify\"><span style=\"font-size: 14pt\"> <\/span><\/p>\n<p class=\"MsoNormal\" style=\"margin-bottom: 12pt;text-align: justify\"><span style=\"font-size: 14pt;font-family: Tahoma\">El Ayuntamiento de Oviedo privatiz\u00f3 casi todos sus servicios en el periodo, 1991-2003. Agua, cementerio, autobuses, recogida de basuras, y un largo etc\u00e9tera est\u00e1 en manos privadas. La concesi\u00f3n la otorga el equipo de Gabino de Lorenzo, pero la Sindicatura de Cuentas no puede picar a la puerta de esas sociedades. Digamos que la fijaci\u00f3n de los precios p\u00fablicos es una decisi\u00f3n municipal, pero el resultado de esos servicios no compete a la  Sindicatura. En Gij\u00f3n ocurre todo lo contrario, el propio Ayuntamiento gestiona todos los servicios, en la mayor parte de los casos a trav\u00e9s de empresas p\u00fablicas municipales en las que se sientan los representantes de los partidos pol\u00edticos. El volumen de gesti\u00f3n y contrataciones del Ayuntamiento de Gij\u00f3n es muy superior al de Oviedo. La asimetr\u00eda es absoluta. Seamos claros: si la  Sindicatura de Cuentas quiere ver las tripas del Ayuntamiento de Oviedo tiene que empezar por revisar los procesos de privatizaci\u00f3n, que est\u00e1n en la base del actual modelo municipal. Si quiere escoger un caso al azar, puede empezar por el servicio del agua. <\/span><span style=\"font-size: 14pt\"><\/span><\/p>\n<p class=\"MsoNormal\" style=\"margin-bottom: 12pt;text-align: justify\"><span style=\"font-size: 14pt\"> <\/span><\/p>\n<p class=\"MsoNormal\" style=\"margin-bottom: 12pt;text-align: justify\"><span style=\"font-size: 14pt;font-family: Tahoma\">Para los que crean que esto no tiene importancia deben preguntarse c\u00f3mo el Ayuntamiento de Oviedo, pese a la puesta de bienes en manos privadas, tiene la mayor deuda por habitante de Asturias (618 euros por cada ovetense) y la n\u00famero nueve entre las capitales de provincia de Espa\u00f1a. <\/span><span style=\"font-size: 14pt\"><\/span><\/p>\n<p class=\"MsoNormal\" style=\"margin-bottom: 12pt;text-align: justify\"><span style=\"font-size: 14pt\"> <\/span><\/p>\n<p class=\"MsoNormal\" style=\"margin-bottom: 12pt;text-align: justify\"><span style=\"font-size: 14pt;font-family: Tahoma\">La estrategia opositora, hasta las elecciones auton\u00f3micas de 2011, pasa por dotar a la palabra \u201cchiringuito\u201d del valor sem\u00e1ntico de \u201cpelotazo\u201d. Las empresas p\u00fablicas son unos chiringuitos que devienen en sociedades respetables (blindadas a inspecci\u00f3n) cuando recalan en manos privadas. Los dict\u00e1menes de la Sindicatura constituir\u00e1n una munici\u00f3n imprescindible para una oposici\u00f3n que tiene como modelo a seguir el practicado en Galicia para retornar al poder. <\/span><\/p>\n<p class=\"MsoNormal\" style=\"margin-bottom: 12pt;text-align: justify\">\n<p class=\"MsoNormal\" style=\"margin-bottom: 12pt;text-align: justify\"><span style=\"font-size: 14pt;font-family: Tahoma\">Dos realidades a 28  kil\u00f3metros y tan diferentes: el futuro Palacio de Justicia de Gij\u00f3n ocupar\u00e1 23.000  metros cuadrados y cuenta con un presupuesto de 25 millones de euros, mientras que el Palacio de Justicia de Oviedo ocupar\u00e1 50.000  metros cuadrados (el doble) y se dice que costar\u00e1 200 millones (ocho veces m\u00e1s).<\/span><\/p>\n<p class=\"MsoNormal\">\n<b><b><br \/>\n  <big>  <\/big><\/strong><\/strong><\/p>\n<!-- AddThis Advanced Settings generic via filter on the_content --><!-- AddThis Share Buttons generic via filter on the_content -->","protected":false},"excerpt":{"rendered":"<p>El d\u00eda 21 de este mes se cumplen cuatro a\u00f1os de la toma de posesi\u00f3n de los tres s\u00edndicos de la Sindicatura de Cuentas del Principado de Asturias. La izquierda gobernante consensu\u00f3 la ley y los nombres con la derecha, porque quer\u00eda dotar a la comunidad aut\u00f3noma de una instituci\u00f3n prevista en el Estatuto de [&hellip;]<!-- AddThis Advanced Settings generic via filter on get_the_excerpt --><!-- AddThis Share Buttons generic via filter on get_the_excerpt --><\/p>\n","protected":false},"author":2,"featured_media":0,"comment_status":"open","ping_status":"closed","sticky":false,"template":"","format":"standard","meta":[],"categories":[4],"tags":[],"_links":{"self":[{"href":"https:\/\/blogs.elcomercio.es\/largo_de_cafe\/wp-json\/wp\/v2\/posts\/633"}],"collection":[{"href":"https:\/\/blogs.elcomercio.es\/largo_de_cafe\/wp-json\/wp\/v2\/posts"}],"about":[{"href":"https:\/\/blogs.elcomercio.es\/largo_de_cafe\/wp-json\/wp\/v2\/types\/post"}],"author":[{"embeddable":true,"href":"https:\/\/blogs.elcomercio.es\/largo_de_cafe\/wp-json\/wp\/v2\/users\/2"}],"replies":[{"embeddable":true,"href":"https:\/\/blogs.elcomercio.es\/largo_de_cafe\/wp-json\/wp\/v2\/comments?post=633"}],"version-history":[{"count":0,"href":"https:\/\/blogs.elcomercio.es\/largo_de_cafe\/wp-json\/wp\/v2\/posts\/633\/revisions"}],"wp:attachment":[{"href":"https:\/\/blogs.elcomercio.es\/largo_de_cafe\/wp-json\/wp\/v2\/media?parent=633"}],"wp:term":[{"taxonomy":"category","embeddable":true,"href":"https:\/\/blogs.elcomercio.es\/largo_de_cafe\/wp-json\/wp\/v2\/categories?post=633"},{"taxonomy":"post_tag","embeddable":true,"href":"https:\/\/blogs.elcomercio.es\/largo_de_cafe\/wp-json\/wp\/v2\/tags?post=633"}],"curies":[{"name":"wp","href":"https:\/\/api.w.org\/{rel}","templated":true}]}}