{"id":634,"date":"2009-04-06T08:41:00","date_gmt":"2009-04-06T08:41:00","guid":{"rendered":"http:\/\/blogs.elcomercio.es\/largo_de_cafe\/?p=634"},"modified":"2009-04-06T08:41:00","modified_gmt":"2009-04-06T08:41:00","slug":"dos-pesos-pesados-y-sorpresa-economia","status":"publish","type":"post","link":"https:\/\/blogs.elcomercio.es\/largo_de_cafe\/2009\/04\/06\/dos-pesos-pesados-y-sorpresa-economia\/","title":{"rendered":"DOS PESOS PESADOS Y SORPRESA EN ECONOM\u00cdA"},"content":{"rendered":"\n<p class=\"MsoNormal\" style=\"text-align: justify\"><span style=\"font-size: 14pt;font-family: Tahoma\"><span>     <\/span>Atendidos los importantes compromisos de la agenda pol\u00edtica internacional, cumbres del G-20 y de la OTAN, Zapatero ha decidido no aplazar por m\u00e1s tiempo la remodelaci\u00f3n del Gobierno. En el momento que escribo estas l\u00edneas no est\u00e1n confirmados oficialmente los cambios, pero en fuentes gubernamentales se da por hecho la salida de Pedro Solbes del Ejecutivo, ocupando la vicepresidencia econ\u00f3mica Elena Salgado. Tambi\u00e9n se asegura que Manuel Chaves se har\u00e1 cargo de una vicepresidencia de Relaciones Auton\u00f3micas, y que Jos\u00e9 Blanco ser\u00e1 el nuevo ministro de Fomento. Son datos incompletos pero permiten hacer un primer an\u00e1lisis.<\/span><\/p>\n<p class=\"MsoNormal\" style=\"text-align: justify\"><span style=\"font-size: 14pt;font-family: Tahoma\"> <\/span><\/p>\n<p class=\"MsoNormal\" style=\"text-align: justify\"><span style=\"font-size: 14pt;font-family: Tahoma\"><span>      <\/span>Por primera vez desde que es presidente de Gobierno Zapatero opta por formar un Ejecutivo con pesos pesados del socialismo. Chaves y Blanco dan densidad pol\u00edtica a un Gobierno formado hace un a\u00f1o con mensaje postmoderno, ministerios novedosos y ministros\/as sin curr\u00edculo digno de sentarse a la mesa del Consejo de Ministros. El presidente ha comprendido que para tiempos dif\u00edciles es preciso contar con gente bregada en la vida p\u00fablica y capaz de pelearse con la oposici\u00f3n. Un acierto. <\/span><\/p>\n<p class=\"MsoNormal\" style=\"text-align: justify\"><span style=\"font-size: 14pt;font-family: Tahoma\"> <\/span><\/p>\n<p class=\"MsoNormal\" style=\"text-align: justify\"><span style=\"font-size: 14pt;font-family: Tahoma\"><span>      <\/span>El segundo aspecto relevante es el cambio producido en la vicepresidencia econ\u00f3mica. La salida de Solbes era una necesidad, porque el interesado no s\u00f3lo se permit\u00eda ironizar con la ansiada jubilaci\u00f3n, sino que encaraba con tal desgana las comparecencias p\u00fablicas que constitu\u00eda un lastre para los planes de Zapatero. Nombrar vicepresidenta a Elena Salgado es una enorme sorpresa. Lo m\u00e1s l\u00f3gico ser\u00eda poner de vicepresidente a alguien con autoridad en la materia para lanzar un mensaje de solidez y confianza a los agentes econ\u00f3micos, a las finanzas y a los organismos econ\u00f3micos internacionales. No es el perfil de Elena Salgado. Con la nueva vicepresidenta Zapatero confirma lo que ya est\u00e1 haciendo: llevar directamente la econom\u00eda desde La Moncloa.  Renuncia al aval de un gestor econ\u00f3mico reputado, pero evita tener que plegarse ante las directrices de una personalidad econ\u00f3mica con capital propio. A partir de ahora, la pol\u00edtica manda en la econom\u00eda. <\/span><\/p>\n<p class=\"MsoNormal\" style=\"text-align: justify\"><span style=\"font-size: 14pt;font-family: Tahoma\"> <\/span><\/p>\n<p class=\"MsoNormal\" style=\"text-align: justify\"><span style=\"font-size: 14pt;font-family: Tahoma\"><span>     <\/span>Dos \u00faltimos apuntes de menor importancia. Pierde peso pol\u00edtico Fern\u00e1ndez de la Vega, ante la llegada de Chaves como tercer vicepresidente de Gobierno, y v\u00eda libre para Leire Paj\u00edn en el partido al ser Blanco ministro. <span>  <\/span><span> <\/span><\/span><\/p>\n<!-- AddThis Advanced Settings generic via filter on the_content --><!-- AddThis Share Buttons generic via filter on the_content -->","protected":false},"excerpt":{"rendered":"<p>Atendidos los importantes compromisos de la agenda pol\u00edtica internacional, cumbres del G-20 y de la OTAN, Zapatero ha decidido no aplazar por m\u00e1s tiempo la remodelaci\u00f3n del Gobierno. En el momento que escribo estas l\u00edneas no est\u00e1n confirmados oficialmente los cambios, pero en fuentes gubernamentales se da por hecho la salida de Pedro Solbes del [&hellip;]<!-- AddThis Advanced Settings generic via filter on get_the_excerpt --><!-- AddThis Share Buttons generic via filter on get_the_excerpt --><\/p>\n","protected":false},"author":2,"featured_media":0,"comment_status":"open","ping_status":"closed","sticky":false,"template":"","format":"standard","meta":[],"categories":[4],"tags":[],"_links":{"self":[{"href":"https:\/\/blogs.elcomercio.es\/largo_de_cafe\/wp-json\/wp\/v2\/posts\/634"}],"collection":[{"href":"https:\/\/blogs.elcomercio.es\/largo_de_cafe\/wp-json\/wp\/v2\/posts"}],"about":[{"href":"https:\/\/blogs.elcomercio.es\/largo_de_cafe\/wp-json\/wp\/v2\/types\/post"}],"author":[{"embeddable":true,"href":"https:\/\/blogs.elcomercio.es\/largo_de_cafe\/wp-json\/wp\/v2\/users\/2"}],"replies":[{"embeddable":true,"href":"https:\/\/blogs.elcomercio.es\/largo_de_cafe\/wp-json\/wp\/v2\/comments?post=634"}],"version-history":[{"count":0,"href":"https:\/\/blogs.elcomercio.es\/largo_de_cafe\/wp-json\/wp\/v2\/posts\/634\/revisions"}],"wp:attachment":[{"href":"https:\/\/blogs.elcomercio.es\/largo_de_cafe\/wp-json\/wp\/v2\/media?parent=634"}],"wp:term":[{"taxonomy":"category","embeddable":true,"href":"https:\/\/blogs.elcomercio.es\/largo_de_cafe\/wp-json\/wp\/v2\/categories?post=634"},{"taxonomy":"post_tag","embeddable":true,"href":"https:\/\/blogs.elcomercio.es\/largo_de_cafe\/wp-json\/wp\/v2\/tags?post=634"}],"curies":[{"name":"wp","href":"https:\/\/api.w.org\/{rel}","templated":true}]}}