{"id":635,"date":"2009-04-07T08:17:00","date_gmt":"2009-04-07T08:17:00","guid":{"rendered":"http:\/\/blogs.elcomercio.es\/largo_de_cafe\/?p=635"},"modified":"2009-04-07T08:17:00","modified_gmt":"2009-04-07T08:17:00","slug":"zapatero-alarga-suspense","status":"publish","type":"post","link":"https:\/\/blogs.elcomercio.es\/largo_de_cafe\/2009\/04\/07\/zapatero-alarga-suspense\/","title":{"rendered":"ZAPATERO ALARGA EL SUSPENSE"},"content":{"rendered":"<p>     La crisis de gobierno sigue abierta mientras crecen las especulaciones. No se ha filtrado el nombre de m\u00e1s ministrables o de cesantes, aunque la remodelaci\u00f3n que se baraja deja a algunos ministros sin cartera por simple desaparici\u00f3n del cargo. La unificaci\u00f3n de los ministerios de Fomento y Vivienda situar\u00eda a Beatriz Corredor fuera del Gobierno al ser Jos\u00e9 Blanco el nuevo ministro de Fomento. La fusi\u00f3n de los ministerios de Educaci\u00f3n y Cultura tambi\u00e9n propiciar\u00eda el descarte de alguno de los dos titulares (Mercedes Cabrera y C\u00e9sar Molina) o de ambos para ser sustituidos por un nuevo rostro. <\/p>\n<p>     La idea de agrupar departamentos ministeriales para tener una Administraci\u00f3n m\u00e1s austera no pasa de ser pura cosm\u00e9tica, pero la idea de fusionar Educaci\u00f3n y Cultura es un acierto para periodos de crisis y de bonanza, porque ambas carteras ya estuvieron unidas en otras \u00e9pocas y ahora el n\u00facleo de sus competencias ha sido transferido a las comunidades aut\u00f3nomas. Mucho m\u00e1s l\u00f3gica es a\u00fan la inclusi\u00f3n de las competencias de Vivienda dentro del Ministerio de Fomento. La idea de crear el Ministerio de la Vivienda fue un error de Zapatero que s\u00f3lo ha servido para que sus diferentes titulares (Trujillo, Chac\u00f3n y Corredor) lanzasen diversos planes sin atender a las se\u00f1ales que emit\u00eda el mercado. Para justificar el cargo hubo que inventarse los minipisos, financiar alquileres para j\u00f3venes que ganaban 22.000 euros y proponer ambiciosos planes de vivienda de protecci\u00f3n oficial cuando hay m\u00e1s pisos construidos y sin vender que en ning\u00fan otro momento de la historia de Espa\u00f1a: no conozco ning\u00fan sector en que el exceso de la oferta sobre la demanda se solucione ampliando la oferta.  <\/p>\n<p>      Lo m\u00e1s importante de la remodelaci\u00f3n del Gobierno est\u00e1 en la personalidad de los nuevos ministros, no en la fusi\u00f3n de los ministerios. Zapatero alarga el suspense y todav\u00eda no sabemos todos los nombres que formar\u00e1n parte del pr\u00f3ximo Ejecutivo. De lo ya conocido cabe colegir que el presidente rectifica el error cometido despu\u00e9s de las \u00faltimas elecciones generales cuando confeccion\u00f3 un gabinete para tiempos de crisis formado por personas para tiempos de diversi\u00f3n. Bast\u00f3 un a\u00f1o de legislatura para que el plan inicial quedara hecho a\u00f1icos, al emerger como \u00fanico logro la disminuci\u00f3n de las muertes por accidente de tr\u00e1fico.   <\/p>\n<!-- AddThis Advanced Settings generic via filter on the_content --><!-- AddThis Share Buttons generic via filter on the_content -->","protected":false},"excerpt":{"rendered":"<p>La crisis de gobierno sigue abierta mientras crecen las especulaciones. No se ha filtrado el nombre de m\u00e1s ministrables o de cesantes, aunque la remodelaci\u00f3n que se baraja deja a algunos ministros sin cartera por simple desaparici\u00f3n del cargo. La unificaci\u00f3n de los ministerios de Fomento y Vivienda situar\u00eda a Beatriz Corredor fuera del Gobierno [&hellip;]<!-- AddThis Advanced Settings generic via filter on get_the_excerpt --><!-- AddThis Share Buttons generic via filter on get_the_excerpt --><\/p>\n","protected":false},"author":2,"featured_media":0,"comment_status":"open","ping_status":"closed","sticky":false,"template":"","format":"standard","meta":[],"categories":[4],"tags":[],"_links":{"self":[{"href":"https:\/\/blogs.elcomercio.es\/largo_de_cafe\/wp-json\/wp\/v2\/posts\/635"}],"collection":[{"href":"https:\/\/blogs.elcomercio.es\/largo_de_cafe\/wp-json\/wp\/v2\/posts"}],"about":[{"href":"https:\/\/blogs.elcomercio.es\/largo_de_cafe\/wp-json\/wp\/v2\/types\/post"}],"author":[{"embeddable":true,"href":"https:\/\/blogs.elcomercio.es\/largo_de_cafe\/wp-json\/wp\/v2\/users\/2"}],"replies":[{"embeddable":true,"href":"https:\/\/blogs.elcomercio.es\/largo_de_cafe\/wp-json\/wp\/v2\/comments?post=635"}],"version-history":[{"count":0,"href":"https:\/\/blogs.elcomercio.es\/largo_de_cafe\/wp-json\/wp\/v2\/posts\/635\/revisions"}],"wp:attachment":[{"href":"https:\/\/blogs.elcomercio.es\/largo_de_cafe\/wp-json\/wp\/v2\/media?parent=635"}],"wp:term":[{"taxonomy":"category","embeddable":true,"href":"https:\/\/blogs.elcomercio.es\/largo_de_cafe\/wp-json\/wp\/v2\/categories?post=635"},{"taxonomy":"post_tag","embeddable":true,"href":"https:\/\/blogs.elcomercio.es\/largo_de_cafe\/wp-json\/wp\/v2\/tags?post=635"}],"curies":[{"name":"wp","href":"https:\/\/api.w.org\/{rel}","templated":true}]}}