{"id":636,"date":"2009-04-08T08:07:00","date_gmt":"2009-04-08T08:07:00","guid":{"rendered":"http:\/\/blogs.elcomercio.es\/largo_de_cafe\/?p=636"},"modified":"2009-04-08T08:07:00","modified_gmt":"2009-04-08T08:07:00","slug":"el-equipo-titular-del-psoe","status":"publish","type":"post","link":"https:\/\/blogs.elcomercio.es\/largo_de_cafe\/2009\/04\/08\/el-equipo-titular-del-psoe\/","title":{"rendered":"EL EQUIPO TITULAR DEL PSOE"},"content":{"rendered":"<p>    La profunda remodelaci\u00f3n del Gobierno indica que Zapatero se equivoc\u00f3 al optar por un equipo ministerial de escaso fuste pol\u00edtico al empezar la legislatura. El presidente ha introducido cambios en el organigrama del Ejecutivo que cuenta ahora con siete ministros distintos (sumando Francisco Caama\u00f1o a las novedades presentadas ayer) de los que hab\u00eda al iniciarse el mandato. El optimismo antropol\u00f3gico que caracteriza a Zapatero le hizo minusvalorar la crisis econ\u00f3mica. <\/p>\n<p>    Por primera vez desde que preside el Ejecutivo, Zapatero se ha rodeado de un equipo pol\u00edtico robusto. El presidente (Manuel Chaves) y el vicesecretario general del PSOE (Jos\u00e9 Blanco) toman asiento en el Consejo de Ministros, y junto a ellos otros dirigentes acostumbrados a la batalla pol\u00edtica, como Trinidad Jim\u00e9nez. Ex ministros de perfil intelectual o t\u00e9cnico, como Bernat Soria, C\u00e9sar Antonio Molina o Mercedes Cabrera, son relevados. <\/p>\n<p>     Los dos cambios m\u00e1s significativos del Ejecutivo residen en la sustituci\u00f3n de Pedro Solbes por Elena Salgado y la incorporaci\u00f3n de Manuel Chaves, con rango de vicepresidente. Solbes gozaba de una buena reputaci\u00f3n hasta que se inici\u00f3 la crisis econ\u00f3mica. Logr\u00f3 enderezar el p\u00e9simo legado econ\u00f3mico de Carlos Solchaga (a mitad de los a\u00f1os noventa) y pilot\u00f3 la boyante trayectoria econ\u00f3mica entre los a\u00f1os 2004 y 2008. Elena Salgado carece de una ejecutoria similar. Zapatero opta por una persona con experiencia administrativa y pol\u00edtica, pero carente de autoridad en los medios econ\u00f3micos para gestionar la crisis financiera y negociar en los foros internacionales. Nombrar a Salgado titular de Econom\u00eda supone reservar para la Moncloa las decisiones estrat\u00e9gicas ante la crisis. No creo que nadie vele por el d\u00e9ficit p\u00fablico. <\/p>\n<p>     Manuel Chaves, peso pesado de la pol\u00edtica nacional, ministro de Trabajo con Felipe Gonz\u00e1lez, ganador de cinco elecciones consecutivas en Andaluc\u00eda y presidente del PSOE, se har\u00e1 cargo de la tercera vicepresidencia del Gobierno y ser\u00e1 titular de Cooperaci\u00f3n Territorial. A Chaves le tocar\u00e1 resolver el sudoku de la financiaci\u00f3n auton\u00f3mica, una tarea que dej\u00f3 inconclusa Solbes. Y tambi\u00e9n tendr\u00e1 como tarea armonizar la hasta ahora despreocupada pol\u00edtica de gasto de las comunidades aut\u00f3nomas con las necesidades econ\u00f3micas del Estado.           <\/p>\n<!-- AddThis Advanced Settings generic via filter on the_content --><!-- AddThis Share Buttons generic via filter on the_content -->","protected":false},"excerpt":{"rendered":"<p>La profunda remodelaci\u00f3n del Gobierno indica que Zapatero se equivoc\u00f3 al optar por un equipo ministerial de escaso fuste pol\u00edtico al empezar la legislatura. El presidente ha introducido cambios en el organigrama del Ejecutivo que cuenta ahora con siete ministros distintos (sumando Francisco Caama\u00f1o a las novedades presentadas ayer) de los que hab\u00eda al iniciarse [&hellip;]<!-- AddThis Advanced Settings generic via filter on get_the_excerpt --><!-- AddThis Share Buttons generic via filter on get_the_excerpt --><\/p>\n","protected":false},"author":2,"featured_media":0,"comment_status":"open","ping_status":"closed","sticky":false,"template":"","format":"standard","meta":[],"categories":[4],"tags":[],"_links":{"self":[{"href":"https:\/\/blogs.elcomercio.es\/largo_de_cafe\/wp-json\/wp\/v2\/posts\/636"}],"collection":[{"href":"https:\/\/blogs.elcomercio.es\/largo_de_cafe\/wp-json\/wp\/v2\/posts"}],"about":[{"href":"https:\/\/blogs.elcomercio.es\/largo_de_cafe\/wp-json\/wp\/v2\/types\/post"}],"author":[{"embeddable":true,"href":"https:\/\/blogs.elcomercio.es\/largo_de_cafe\/wp-json\/wp\/v2\/users\/2"}],"replies":[{"embeddable":true,"href":"https:\/\/blogs.elcomercio.es\/largo_de_cafe\/wp-json\/wp\/v2\/comments?post=636"}],"version-history":[{"count":0,"href":"https:\/\/blogs.elcomercio.es\/largo_de_cafe\/wp-json\/wp\/v2\/posts\/636\/revisions"}],"wp:attachment":[{"href":"https:\/\/blogs.elcomercio.es\/largo_de_cafe\/wp-json\/wp\/v2\/media?parent=636"}],"wp:term":[{"taxonomy":"category","embeddable":true,"href":"https:\/\/blogs.elcomercio.es\/largo_de_cafe\/wp-json\/wp\/v2\/categories?post=636"},{"taxonomy":"post_tag","embeddable":true,"href":"https:\/\/blogs.elcomercio.es\/largo_de_cafe\/wp-json\/wp\/v2\/tags?post=636"}],"curies":[{"name":"wp","href":"https:\/\/api.w.org\/{rel}","templated":true}]}}