{"id":637,"date":"2009-04-09T10:41:00","date_gmt":"2009-04-09T10:41:00","guid":{"rendered":"http:\/\/blogs.elcomercio.es\/largo_de_cafe\/?p=637"},"modified":"2009-04-09T10:41:00","modified_gmt":"2009-04-09T10:41:00","slug":"vicepresidencias-sindicatos-y-lobbys","status":"publish","type":"post","link":"https:\/\/blogs.elcomercio.es\/largo_de_cafe\/2009\/04\/09\/vicepresidencias-sindicatos-y-lobbys\/","title":{"rendered":"VICEPRESIDENCIAS, SINDICATOS Y LOBBYS"},"content":{"rendered":"<p>    Hay que remontarse al primer Gobierno de UCD para encontrar tres vicepresidentes (Guti\u00e9rrez Mellado, Fuentes Quintana y Abril Martorell) en un mismo Ejecutivo. Con la terna de \u201cvices\u201d del nuevo Gobierno de Zapatero pierde poder Fern\u00e1ndez de la Vega, aunque siga como n\u00famero dos del Ejecutivo. La vicepresidencia econ\u00f3mica, en manos de Elena Salgado, tiene las mismas competencias que las gestionadas por Solbes, aunque en asuntos como la financiaci\u00f3n auton\u00f3mica se limitar\u00e1 a las discusiones t\u00e9cnicas, quedando en manos del tercer vicepresidente (Chaves) los aspectos pol\u00edticos de la negociaci\u00f3n.<\/p>\n<p>     Le corresponder\u00e1 a Manuel Chaves llevar la relaci\u00f3n con las comunidades aut\u00f3nomas y los ayuntamientos, que representan m\u00e1s de la mitad del gasto p\u00fablico del pa\u00eds y concentran gran parte de la problem\u00e1tica general. El encargo realizado por Zapatero a Chaves tiene mucho sentido, porque las comunidades aut\u00f3nomas acumulan tal poder legislativo, ejecutivo y econ\u00f3mico que no cabe gobernar los intereses del Estado sin concertar las pol\u00edticas con las regiones. Ese papel no lo podr\u00eda jugar un simple ministro de Administraciones P\u00fablicas y la vicepresidenta De la Vega lo compatibilizaba con otras tareas. Con una vicepresidencia encargada espec\u00edficamente de la cooperaci\u00f3n territorial y desempe\u00f1ada por un peso pesado de la pol\u00edtica nacional, como Chaves, se hubiera podido, en su momento, hacer frente al desmadre de los estatutos de autonom\u00eda. Ahora toca ir m\u00e1s all\u00e1 y revisar conjuntamente las propuestas legislativas y el gasto creciente en sanidad y educaci\u00f3n.   <\/p>\n<p>     Otras novedades del Gobierno, como el ministro de Educaci\u00f3n y la ministra de Cultura, van a traer m\u00e1s problemas que soluciones. Se pas\u00f3 de una situaci\u00f3n absurda, nueva en la historia de Espa\u00f1a, representada en un Ministerio de Educaci\u00f3n sin competencias universitarias, a poner a un rector de una universidad de \u00e9lite al frente de la educaci\u00f3n. La voz de Gabilondo es la voz de los rectores, y ni toda la educaci\u00f3n es la universidad, ni el sindicato de rectores es lo m\u00e1s conveniente para resolver los problemas universitarios. Gabilondo va a pedir dinero, cuando toca hacer mejor las cosas con el mismo presupuesto. En cuanto a la Cultura, queda en manos de un lobby definido por sus amplias cejas y alto consumo de subvenciones.     <\/p>\n<!-- AddThis Advanced Settings generic via filter on the_content --><!-- AddThis Share Buttons generic via filter on the_content -->","protected":false},"excerpt":{"rendered":"<p>Hay que remontarse al primer Gobierno de UCD para encontrar tres vicepresidentes (Guti\u00e9rrez Mellado, Fuentes Quintana y Abril Martorell) en un mismo Ejecutivo. Con la terna de \u201cvices\u201d del nuevo Gobierno de Zapatero pierde poder Fern\u00e1ndez de la Vega, aunque siga como n\u00famero dos del Ejecutivo. La vicepresidencia econ\u00f3mica, en manos de Elena Salgado, tiene [&hellip;]<!-- AddThis Advanced Settings generic via filter on get_the_excerpt --><!-- AddThis Share Buttons generic via filter on get_the_excerpt --><\/p>\n","protected":false},"author":2,"featured_media":0,"comment_status":"open","ping_status":"closed","sticky":false,"template":"","format":"standard","meta":[],"categories":[4],"tags":[],"_links":{"self":[{"href":"https:\/\/blogs.elcomercio.es\/largo_de_cafe\/wp-json\/wp\/v2\/posts\/637"}],"collection":[{"href":"https:\/\/blogs.elcomercio.es\/largo_de_cafe\/wp-json\/wp\/v2\/posts"}],"about":[{"href":"https:\/\/blogs.elcomercio.es\/largo_de_cafe\/wp-json\/wp\/v2\/types\/post"}],"author":[{"embeddable":true,"href":"https:\/\/blogs.elcomercio.es\/largo_de_cafe\/wp-json\/wp\/v2\/users\/2"}],"replies":[{"embeddable":true,"href":"https:\/\/blogs.elcomercio.es\/largo_de_cafe\/wp-json\/wp\/v2\/comments?post=637"}],"version-history":[{"count":0,"href":"https:\/\/blogs.elcomercio.es\/largo_de_cafe\/wp-json\/wp\/v2\/posts\/637\/revisions"}],"wp:attachment":[{"href":"https:\/\/blogs.elcomercio.es\/largo_de_cafe\/wp-json\/wp\/v2\/media?parent=637"}],"wp:term":[{"taxonomy":"category","embeddable":true,"href":"https:\/\/blogs.elcomercio.es\/largo_de_cafe\/wp-json\/wp\/v2\/categories?post=637"},{"taxonomy":"post_tag","embeddable":true,"href":"https:\/\/blogs.elcomercio.es\/largo_de_cafe\/wp-json\/wp\/v2\/tags?post=637"}],"curies":[{"name":"wp","href":"https:\/\/api.w.org\/{rel}","templated":true}]}}