{"id":638,"date":"2009-04-10T10:14:00","date_gmt":"2009-04-10T10:14:00","guid":{"rendered":"http:\/\/blogs.elcomercio.es\/largo_de_cafe\/?p=638"},"modified":"2009-04-10T10:14:00","modified_gmt":"2009-04-10T10:14:00","slug":"la-mano-chaves-la-financiacion","status":"publish","type":"post","link":"https:\/\/blogs.elcomercio.es\/largo_de_cafe\/2009\/04\/10\/la-mano-chaves-la-financiacion\/","title":{"rendered":"LA MANO DE CHAVES EN LA FINANCIACI\u00d3N"},"content":{"rendered":"<p>N\u00fa\u00f1ez Feij\u00f3o insta a los presidentes de Asturias, Extremadura y Castilla-La Mancha a anteponer los intereses de los ciudadanos a los partidarios. Un mensaje del presidente gallego relacionado con la financiaci\u00f3n auton\u00f3mica, al pretender retomar el grupo de comunidades pobres que tienen intereses antag\u00f3nicos a los de Catalu\u00f1a. <\/p>\n<p>     La creaci\u00f3n de una vicepresidencia de cooperaci\u00f3n territorial, cuyo titular es el pol\u00edtico m\u00e1s destacado del \u00e1mbito auton\u00f3mico de las dos \u00faltimas d\u00e9cadas, supone un motivo m\u00e1s que suficiente para recuperar la aplazada cuesti\u00f3n del modelo de financiaci\u00f3n. Aunque se ha mantenido en secreto la negociaci\u00f3n del nuevo sistema de financiaci\u00f3n, todo indica que las cosas han avanzado ya lo suficiente como para que resulte imposible organizar lobbys entre regiones para presionar al Gobierno. Hay cantidades concretas sobre la mesa, a partir de los 7.000 millones de euros con los que el equipo de Pedro Solbes ampli\u00f3 la masa de recursos globales que dedica el Estado a costear la red de servicios p\u00fablicos transferidos a las comunidades aut\u00f3nomas. Las mayores resistencias se encuentran en Catalu\u00f1a que hab\u00eda hecho p\u00fablica su petici\u00f3n de dinero a partir de una premisa falsa: el Estado aumentar\u00eda en 14.000 millones la financiaci\u00f3n de las regiones. Un c\u00e1lculo que podr\u00eda haber sido cierto hace un a\u00f1o, pero que al dilatarse la negociaci\u00f3n y caer la recaudaci\u00f3n fiscal el Gobierno ha dejado reducido a la mitad. Las regiones m\u00e1s dependientes, como las aludidas por N\u00fa\u00f1ez Feij\u00f3o, aspiran a mejorar la \u00faltima oferta del Gobierno, pero el sistema acepta pocos retoques. La alternativa ser\u00e1 el mantenimiento del actual modelo, algo totalmente inaceptable para Catalu\u00f1a y otras regiones ricas. <\/p>\n<p>     Aunque nada se ha dicho, apostamos por un cambio en el m\u00e9todo de negociaci\u00f3n: de estar enteramente en manos del Ministerio de Econom\u00eda pasar\u00e1 a ser compartida con la Vicepresidencia de Chaves. Los altos cargos del ministerio de Elena Salgado hablar\u00e1n de cifras y Chaves tendr\u00e1 discretos encuentros con los presidentes auton\u00f3micos. Hace un par de meses, el entonces presidente andaluz dijo que hab\u00eda llegado a un acuerdo de financiaci\u00f3n para su regi\u00f3n: el \u00fanico que se desmarc\u00f3 del discurso de la insatisfacci\u00f3n. Querr\u00e1 ahora explicar a sus ex colegas la f\u00f3rmula que lleva al \u00e9xito.    <\/p>\n<!-- AddThis Advanced Settings generic via filter on the_content --><!-- AddThis Share Buttons generic via filter on the_content -->","protected":false},"excerpt":{"rendered":"<p>N\u00fa\u00f1ez Feij\u00f3o insta a los presidentes de Asturias, Extremadura y Castilla-La Mancha a anteponer los intereses de los ciudadanos a los partidarios. Un mensaje del presidente gallego relacionado con la financiaci\u00f3n auton\u00f3mica, al pretender retomar el grupo de comunidades pobres que tienen intereses antag\u00f3nicos a los de Catalu\u00f1a. La creaci\u00f3n de una vicepresidencia de cooperaci\u00f3n [&hellip;]<!-- AddThis Advanced Settings generic via filter on get_the_excerpt --><!-- AddThis Share Buttons generic via filter on get_the_excerpt --><\/p>\n","protected":false},"author":2,"featured_media":0,"comment_status":"open","ping_status":"closed","sticky":false,"template":"","format":"standard","meta":[],"categories":[4],"tags":[],"_links":{"self":[{"href":"https:\/\/blogs.elcomercio.es\/largo_de_cafe\/wp-json\/wp\/v2\/posts\/638"}],"collection":[{"href":"https:\/\/blogs.elcomercio.es\/largo_de_cafe\/wp-json\/wp\/v2\/posts"}],"about":[{"href":"https:\/\/blogs.elcomercio.es\/largo_de_cafe\/wp-json\/wp\/v2\/types\/post"}],"author":[{"embeddable":true,"href":"https:\/\/blogs.elcomercio.es\/largo_de_cafe\/wp-json\/wp\/v2\/users\/2"}],"replies":[{"embeddable":true,"href":"https:\/\/blogs.elcomercio.es\/largo_de_cafe\/wp-json\/wp\/v2\/comments?post=638"}],"version-history":[{"count":0,"href":"https:\/\/blogs.elcomercio.es\/largo_de_cafe\/wp-json\/wp\/v2\/posts\/638\/revisions"}],"wp:attachment":[{"href":"https:\/\/blogs.elcomercio.es\/largo_de_cafe\/wp-json\/wp\/v2\/media?parent=638"}],"wp:term":[{"taxonomy":"category","embeddable":true,"href":"https:\/\/blogs.elcomercio.es\/largo_de_cafe\/wp-json\/wp\/v2\/categories?post=638"},{"taxonomy":"post_tag","embeddable":true,"href":"https:\/\/blogs.elcomercio.es\/largo_de_cafe\/wp-json\/wp\/v2\/tags?post=638"}],"curies":[{"name":"wp","href":"https:\/\/api.w.org\/{rel}","templated":true}]}}