{"id":64,"date":"2007-09-01T00:32:20","date_gmt":"2007-09-01T00:32:20","guid":{"rendered":"http:\/\/blogs.elcomercio.es\/largo_de_cafe\/?p=64"},"modified":"2007-09-01T00:32:20","modified_gmt":"2007-09-01T00:32:20","slug":"el-reparto-del-dinero","status":"publish","type":"post","link":"https:\/\/blogs.elcomercio.es\/largo_de_cafe\/2007\/09\/01\/el-reparto-del-dinero\/","title":{"rendered":"EL REPARTO DEL DINERO"},"content":{"rendered":"<p>    La diputada del PP, Alejandra Cu\u00e9tara, considera que una victoria de los socialistas en las pr\u00f3ximas elecciones generales significar\u00eda la ruptura del actual modelo de financiaci\u00f3n auton\u00f3mica, aprobado por el Gobierno de Aznar, lo que conllevar\u00eda la quiebra de los mecanismos de solidaridad territorial. Para financiar su red de servicios y prestaciones el Principado recibe un 38% de sus ingresos del llamado \u201cfondo de suficiencia\u201d, que es una suma de dinero proveniente de las aportaciones de las comunidades aut\u00f3nomas y el Estado. Los 990 millones ingresados por el Principado, en concepto de solidaridad, quedar\u00edan en el aire con la implantaci\u00f3n de otro modelo distinto, tal como proponen algunas regiones poderosas, como Catalu\u00f1a o Andaluc\u00eda. <\/p>\n<p>     Alejandra Cu\u00e9tara se refiere a un asunto central del debate pol\u00edtico, sumamente complejo, que carga de tensi\u00f3n la relaci\u00f3n entre los territorios. Tocaba resolverlo en este mandato, pero quedar\u00e1 como asignatura pendiente para la pr\u00f3xima legislatura. Zapatero abri\u00f3 la discusi\u00f3n del modelo territorial, pero no ha sabido c\u00f3mo cerrarla, as\u00ed que ahora el actual sistema, aprobado en el a\u00f1o 2001, ya tiene un car\u00e1cter meramente provisional. Aunque gobernara Mariano Rajoy a partir del pr\u00f3ximo a\u00f1o, habr\u00eda que pactar un nuevo modelo de financiaci\u00f3n auton\u00f3mica, porque la aprobaci\u00f3n de los Estatutos de Autonom\u00eda de Catalu\u00f1a, Andaluc\u00eda o la Comunidad Valenciana dejan en papel mojado el actual modelo. Esa es una particularidad de los Estatutos de Autonom\u00eda, que no s\u00f3lo rigen las relaciones de una comunidad con el Estado, sino que nos afectan a todos, como leyes org\u00e1nicas que son. <\/p>\n<p>     Los catalanes rompieron el equilibrio territorial, exigiendo inversiones extraordinarias del Estado durante siete a\u00f1os, y aumentando el tanto por ciento de la recaudaci\u00f3n fiscal que ir\u00e1 a manos de la Generalitat. Otras comunidades aut\u00f3nomas, con el apoyo del PP, tambi\u00e9n se sumaron a esa carrera de vaciamiento de las arcas del Estado, que al final pone en riesgo hasta la propia capacidad del Gobierno para hacer obras p\u00fablicas. El PP critic\u00f3 a Zapatero en Catalu\u00f1a, pero se apunt\u00f3 a la demagogia nacionalista en otras comunidades donde gobierna o se siente que es alternativa de gobierno.     <\/p>\n<!-- AddThis Advanced Settings generic via filter on the_content --><!-- AddThis Share Buttons generic via filter on the_content -->","protected":false},"excerpt":{"rendered":"<p>La diputada del PP, Alejandra Cu\u00e9tara, considera que una victoria de los socialistas en las pr\u00f3ximas elecciones generales significar\u00eda la ruptura del actual modelo de financiaci\u00f3n auton\u00f3mica, aprobado por el Gobierno de Aznar, lo que conllevar\u00eda la quiebra de los mecanismos de solidaridad territorial. Para financiar su red de servicios y prestaciones el Principado recibe [&hellip;]<!-- AddThis Advanced Settings generic via filter on get_the_excerpt --><!-- AddThis Share Buttons generic via filter on get_the_excerpt --><\/p>\n","protected":false},"author":2,"featured_media":0,"comment_status":"open","ping_status":"closed","sticky":false,"template":"","format":"standard","meta":[],"categories":[4],"tags":[],"_links":{"self":[{"href":"https:\/\/blogs.elcomercio.es\/largo_de_cafe\/wp-json\/wp\/v2\/posts\/64"}],"collection":[{"href":"https:\/\/blogs.elcomercio.es\/largo_de_cafe\/wp-json\/wp\/v2\/posts"}],"about":[{"href":"https:\/\/blogs.elcomercio.es\/largo_de_cafe\/wp-json\/wp\/v2\/types\/post"}],"author":[{"embeddable":true,"href":"https:\/\/blogs.elcomercio.es\/largo_de_cafe\/wp-json\/wp\/v2\/users\/2"}],"replies":[{"embeddable":true,"href":"https:\/\/blogs.elcomercio.es\/largo_de_cafe\/wp-json\/wp\/v2\/comments?post=64"}],"version-history":[{"count":0,"href":"https:\/\/blogs.elcomercio.es\/largo_de_cafe\/wp-json\/wp\/v2\/posts\/64\/revisions"}],"wp:attachment":[{"href":"https:\/\/blogs.elcomercio.es\/largo_de_cafe\/wp-json\/wp\/v2\/media?parent=64"}],"wp:term":[{"taxonomy":"category","embeddable":true,"href":"https:\/\/blogs.elcomercio.es\/largo_de_cafe\/wp-json\/wp\/v2\/categories?post=64"},{"taxonomy":"post_tag","embeddable":true,"href":"https:\/\/blogs.elcomercio.es\/largo_de_cafe\/wp-json\/wp\/v2\/tags?post=64"}],"curies":[{"name":"wp","href":"https:\/\/api.w.org\/{rel}","templated":true}]}}