{"id":640,"date":"2009-04-13T08:19:00","date_gmt":"2009-04-13T08:19:00","guid":{"rendered":"http:\/\/blogs.elcomercio.es\/largo_de_cafe\/?p=640"},"modified":"2009-04-13T08:19:00","modified_gmt":"2009-04-13T08:19:00","slug":"la-administracion-hace-todo","status":"publish","type":"post","link":"https:\/\/blogs.elcomercio.es\/largo_de_cafe\/2009\/04\/13\/la-administracion-hace-todo\/","title":{"rendered":"LA ADMINISTRACI\u00d3N HACE DE TODO"},"content":{"rendered":"<p>En el primer trimestre del a\u00f1o el Gobierno regional ha invertido 350 millones de euros en distintos conceptos que van desde las infraestructuras de transporte hasta subvenciones a ayuntamientos, pasando por prestaciones ligadas a los servicios de la dependencia, ayudas a pymes, formaci\u00f3n o I+D+i. Se trata de un ritmo de inversi\u00f3n alto, acorde con los objetivos previstos en los presupuestos del Principado para el a\u00f1o 2009, al incrementar el componente inversor, lo que ha llevado a la asunci\u00f3n de un mayor d\u00e9ficit p\u00fablico. <\/p>\n<p>Las administraciones p\u00fablicas est\u00e1n dispuestas a tirar la casa por la ventana para reanimar la actividad econ\u00f3mica, ante la paralizaci\u00f3n del consumo, la ausencia de cr\u00e9dito y el camino de vuelta que est\u00e1n recorriendo las empresas: deshacen su posici\u00f3n en el mercado, vendiendo activos, despidiendo personal y congelando inversiones. Ante este panorama, las administraciones p\u00fablicas da un paso al frente y asumen los papeles que otros no juegan: invierten, avalan, gastan, contratan, se endeudan. La recesi\u00f3n econ\u00f3mica no ha dado paso a un debate sobre distintas opciones, ya que los m\u00e1s diversos pa\u00edses, partidos pol\u00edticos y dirigentes se dedican a hacer lo mismo, esperando que la coyuntura mejore y los agentes que conforman el mercado den se\u00f1ales de vida y reanuden su actividad. Las discrepancias son de segundo orden: mejor invertir en trenes de alta velocidad que en dar dinero a los ayuntamientos para que ornamenten las plazas. Se discute sobre lo que se paga, pero no sobre el desembolso de ingentes monta\u00f1as de dinero. <\/p>\n<p>Llegados a este punto, surgen dos cuestiones. Como las administraciones p\u00fablicas se alimentan de impuestos que pagan particulares y empresas, los ingresos del Gobierno central, Principado y ayuntamientos tender\u00e1n a ser declinantes, mientras dure la recesi\u00f3n. Dicho de otra manera: para un determinado volumen de inversiones y gastos, el pr\u00f3ximo a\u00f1o se costear\u00e1 con menos impuestos y m\u00e1s deuda p\u00fablica que en el presente ejercicio. Y segunda cuesti\u00f3n: \u00bfCu\u00e1nto se debe endeudar el Estado? Para el a\u00f1o 2010, el FMI prev\u00e9 un 53,8% de deuda sobre PIB en Espa\u00f1a. Y un 225,1% en Jap\u00f3n. \u00bfDebemos imitar el ejemplo de Jap\u00f3n? \u00bfSer\u00eda prudente que una familia pagara una hipoteca con los ingresos de tres generaciones seguidas? <\/p>\n<!-- AddThis Advanced Settings generic via filter on the_content --><!-- AddThis Share Buttons generic via filter on the_content -->","protected":false},"excerpt":{"rendered":"<p>En el primer trimestre del a\u00f1o el Gobierno regional ha invertido 350 millones de euros en distintos conceptos que van desde las infraestructuras de transporte hasta subvenciones a ayuntamientos, pasando por prestaciones ligadas a los servicios de la dependencia, ayudas a pymes, formaci\u00f3n o I+D+i. Se trata de un ritmo de inversi\u00f3n alto, acorde con [&hellip;]<!-- AddThis Advanced Settings generic via filter on get_the_excerpt --><!-- AddThis Share Buttons generic via filter on get_the_excerpt --><\/p>\n","protected":false},"author":2,"featured_media":0,"comment_status":"open","ping_status":"closed","sticky":false,"template":"","format":"standard","meta":[],"categories":[4],"tags":[],"_links":{"self":[{"href":"https:\/\/blogs.elcomercio.es\/largo_de_cafe\/wp-json\/wp\/v2\/posts\/640"}],"collection":[{"href":"https:\/\/blogs.elcomercio.es\/largo_de_cafe\/wp-json\/wp\/v2\/posts"}],"about":[{"href":"https:\/\/blogs.elcomercio.es\/largo_de_cafe\/wp-json\/wp\/v2\/types\/post"}],"author":[{"embeddable":true,"href":"https:\/\/blogs.elcomercio.es\/largo_de_cafe\/wp-json\/wp\/v2\/users\/2"}],"replies":[{"embeddable":true,"href":"https:\/\/blogs.elcomercio.es\/largo_de_cafe\/wp-json\/wp\/v2\/comments?post=640"}],"version-history":[{"count":0,"href":"https:\/\/blogs.elcomercio.es\/largo_de_cafe\/wp-json\/wp\/v2\/posts\/640\/revisions"}],"wp:attachment":[{"href":"https:\/\/blogs.elcomercio.es\/largo_de_cafe\/wp-json\/wp\/v2\/media?parent=640"}],"wp:term":[{"taxonomy":"category","embeddable":true,"href":"https:\/\/blogs.elcomercio.es\/largo_de_cafe\/wp-json\/wp\/v2\/categories?post=640"},{"taxonomy":"post_tag","embeddable":true,"href":"https:\/\/blogs.elcomercio.es\/largo_de_cafe\/wp-json\/wp\/v2\/tags?post=640"}],"curies":[{"name":"wp","href":"https:\/\/api.w.org\/{rel}","templated":true}]}}