{"id":641,"date":"2009-04-14T07:55:00","date_gmt":"2009-04-14T07:55:00","guid":{"rendered":"http:\/\/blogs.elcomercio.es\/largo_de_cafe\/?p=641"},"modified":"2009-04-14T07:55:00","modified_gmt":"2009-04-14T07:55:00","slug":"el-culebron-caleao","status":"publish","type":"post","link":"https:\/\/blogs.elcomercio.es\/largo_de_cafe\/2009\/04\/14\/el-culebron-caleao\/","title":{"rendered":"EL CULEBR\u00d3N DE CALEAO"},"content":{"rendered":"<p>EL ritmo de la actividad parlamentaria no se corresponde con \u00e9l de la calle. A principios del pasado verano, Gaspar Llamazares pregunt\u00f3 al Ejecutivo por la tramitaci\u00f3n administrativa del embalse de Caleao, un proyecto que pas\u00f3 por las manos de los sucesivos gobiernos a lo largo de los \u00faltimos quince a\u00f1os. Tras nueve meses de espera, el Ejecutivo responde que una vez analizadas las alternativas al embalse se ha reactivado el estudio ambiental. <\/p>\n<p>Con la administraci\u00f3n p\u00fablica ocurre lo mismo que con la Justicia: los plazos s\u00f3lo son r\u00edgidos para el ciudadano. Si Llamazares pide alg\u00fan dato m\u00e1s sobre Caleao, puede que a finales del presente a\u00f1o o a principios del pr\u00f3ximo tenga una informaci\u00f3n completa sobre el expediente. Visto desde otro prisma, la administraci\u00f3n sigue a sus cosas, haciendo y deshaciendo a partir de una tupida red de distintos servicios, barajando informes, recursos y estudios con la extra\u00f1a pauta de un cuerpo que no tiene alma. S\u00f3lo cuando un responsable pol\u00edtico tiene verdadera urgencia en sacar un proyecto adelante, el tortuoso circuito burocr\u00e1tico se activa, y por fin la administraci\u00f3n resuelve. Una forma de proceder irritante al descansar sobre nuestros impuestos. <\/p>\n<p>El embalse de Caleao no es una urgencia para el Gobierno. Tampoco lo fue para los anteriores. En su momento, la ministra de Medio Ambiente, Cristina Narbona, no era muy proclive al embalse de Caleao, aunque este hecho nunca fue reconocido por los socialistas asturianos. Los embalses le parec\u00edan a Narbona una cosa de franquistas del siglo XX o de comunistas chinos del siglo XXI, pero en cualquier caso algo impropio de opciones progresistas. A Narbona no le gustaban los embalses ni los trasvases, prefer\u00eda las plantas desaladoras. Como en Asturias no hacen falta las desaladoras nos quedamos sin las tres cosas: embalses, trasvases y desaladoras. <\/p>\n<p>IU hizo del rechazo al embalse de Caleao una se\u00f1a de identidad. Maneja, como hip\u00f3tesis, el suministro de agua al centro de la regi\u00f3n a partir del Narcea: una opci\u00f3n cuatro veces m\u00e1s cara y con mayor riesgo de contaminaci\u00f3n. Pero IU es socio de Gobierno y su opini\u00f3n pesa m\u00e1s que cuando era un grupo de oposici\u00f3n. A partir de todos estos datos se puede entender la tardanza de la Administraci\u00f3n en contestar y proceder. <\/p>\n<!-- AddThis Advanced Settings generic via filter on the_content --><!-- AddThis Share Buttons generic via filter on the_content -->","protected":false},"excerpt":{"rendered":"<p>EL ritmo de la actividad parlamentaria no se corresponde con \u00e9l de la calle. A principios del pasado verano, Gaspar Llamazares pregunt\u00f3 al Ejecutivo por la tramitaci\u00f3n administrativa del embalse de Caleao, un proyecto que pas\u00f3 por las manos de los sucesivos gobiernos a lo largo de los \u00faltimos quince a\u00f1os. Tras nueve meses de [&hellip;]<!-- AddThis Advanced Settings generic via filter on get_the_excerpt --><!-- AddThis Share Buttons generic via filter on get_the_excerpt --><\/p>\n","protected":false},"author":2,"featured_media":0,"comment_status":"open","ping_status":"closed","sticky":false,"template":"","format":"standard","meta":[],"categories":[4],"tags":[],"_links":{"self":[{"href":"https:\/\/blogs.elcomercio.es\/largo_de_cafe\/wp-json\/wp\/v2\/posts\/641"}],"collection":[{"href":"https:\/\/blogs.elcomercio.es\/largo_de_cafe\/wp-json\/wp\/v2\/posts"}],"about":[{"href":"https:\/\/blogs.elcomercio.es\/largo_de_cafe\/wp-json\/wp\/v2\/types\/post"}],"author":[{"embeddable":true,"href":"https:\/\/blogs.elcomercio.es\/largo_de_cafe\/wp-json\/wp\/v2\/users\/2"}],"replies":[{"embeddable":true,"href":"https:\/\/blogs.elcomercio.es\/largo_de_cafe\/wp-json\/wp\/v2\/comments?post=641"}],"version-history":[{"count":0,"href":"https:\/\/blogs.elcomercio.es\/largo_de_cafe\/wp-json\/wp\/v2\/posts\/641\/revisions"}],"wp:attachment":[{"href":"https:\/\/blogs.elcomercio.es\/largo_de_cafe\/wp-json\/wp\/v2\/media?parent=641"}],"wp:term":[{"taxonomy":"category","embeddable":true,"href":"https:\/\/blogs.elcomercio.es\/largo_de_cafe\/wp-json\/wp\/v2\/categories?post=641"},{"taxonomy":"post_tag","embeddable":true,"href":"https:\/\/blogs.elcomercio.es\/largo_de_cafe\/wp-json\/wp\/v2\/tags?post=641"}],"curies":[{"name":"wp","href":"https:\/\/api.w.org\/{rel}","templated":true}]}}