{"id":642,"date":"2009-04-15T07:58:00","date_gmt":"2009-04-15T07:58:00","guid":{"rendered":"http:\/\/blogs.elcomercio.es\/largo_de_cafe\/?p=642"},"modified":"2009-04-15T07:58:00","modified_gmt":"2009-04-15T07:58:00","slug":"zapatero-busca-aliados-estables","status":"publish","type":"post","link":"https:\/\/blogs.elcomercio.es\/largo_de_cafe\/2009\/04\/15\/zapatero-busca-aliados-estables\/","title":{"rendered":"ZAPATERO BUSCA ALIADOS ESTABLES"},"content":{"rendered":"<p>Tras el cambio de ministros, Zapatero ha empezado a tirar del Gobierno, marcando las prioridades legislativas que deben llevarle a alcanzar un marco de alianzas estable, algo de lo que ha carecido desde que empez\u00f3 el mandato. La cita electoral del pasado 1 de marzo ha servido para dejar al PNV en el papel de grupo opositor. Desalojar a los nacionalistas del poder en el Parlamento de Vitoria es incompatible con cualquier alianza en Madrid con el socialismo. El PNV est\u00e1 en la misma tesitura que CiU: la falta de entendimiento con el PSOE en sus comunidades aut\u00f3nomas impide cualquier tipo de colaboraci\u00f3n con el Gobierno central. <\/p>\n<p>Ante esta situaci\u00f3n, Zapatero quiere finalizar la negociaci\u00f3n de la financiaci\u00f3n auton\u00f3mica para poder firmar la paz con el tripartito catal\u00e1n. Una vez pactado un nuevo modelo de financiaci\u00f3n ser\u00e1 mucho m\u00e1s f\u00e1cil contar con el apoyo de ERC e IU, lo que facilitar\u00eda la aprobaci\u00f3n de leyes y presupuestos si a ese grupo de aliados se suma Coalici\u00f3n Canaria. Establecidas estas premisas se puede afirmar que la negociaci\u00f3n del modelo de financiaci\u00f3n tiene importancia por la materia que aborda y por ser llave de la gobernabilidad para los tres a\u00f1os que restan de legislatura. Chaves va a visitar a los presidentes auton\u00f3micos con la autoridad moral que le da haber cerrado la negociaci\u00f3n como presidente andaluz. Las \u00faltimas resistencias al acuerdo deben quedar arrumbadas con la ronda de contactos que va a iniciar el tercer vicepresidente del Gobierno. Como la financiaci\u00f3n auton\u00f3mica versa sobre dinero, a la ministra de Econom\u00eda, Elena Salgado, le tocar\u00e1 mejorar algo la \u00faltima propuesta de Pedro Solbes. <\/p>\n<p>La postura oficial del Principado es bien conocida: la oferta del Gobierno es insatisfactoria para las necesidades asturianas. Sin embargo, dada la perspectiva de Zapatero, si hacia alg\u00fan lado hay que acercar la propuesta es al encuentro de las tesis catalanas, porque permite desbloquear la negociaci\u00f3n del modelo y otorga una mayor\u00eda confortable al Gobierno en el Parlamento. Para ser m\u00e1s preciso: Catalu\u00f1a y las Islas Canarias deben quedar bien tratadas en el nuevo sistema de financiaci\u00f3n. Sobre las bases que est\u00e1 planteada la discusi\u00f3n nada nos permite aventurar que Asturias va a mejorar sus posiciones en el \u00faltimo cap\u00edtulo de la negociaci\u00f3n<\/p>\n<!-- AddThis Advanced Settings generic via filter on the_content --><!-- AddThis Share Buttons generic via filter on the_content -->","protected":false},"excerpt":{"rendered":"<p>Tras el cambio de ministros, Zapatero ha empezado a tirar del Gobierno, marcando las prioridades legislativas que deben llevarle a alcanzar un marco de alianzas estable, algo de lo que ha carecido desde que empez\u00f3 el mandato. La cita electoral del pasado 1 de marzo ha servido para dejar al PNV en el papel de [&hellip;]<!-- AddThis Advanced Settings generic via filter on get_the_excerpt --><!-- AddThis Share Buttons generic via filter on get_the_excerpt --><\/p>\n","protected":false},"author":2,"featured_media":0,"comment_status":"open","ping_status":"closed","sticky":false,"template":"","format":"standard","meta":[],"categories":[4],"tags":[],"_links":{"self":[{"href":"https:\/\/blogs.elcomercio.es\/largo_de_cafe\/wp-json\/wp\/v2\/posts\/642"}],"collection":[{"href":"https:\/\/blogs.elcomercio.es\/largo_de_cafe\/wp-json\/wp\/v2\/posts"}],"about":[{"href":"https:\/\/blogs.elcomercio.es\/largo_de_cafe\/wp-json\/wp\/v2\/types\/post"}],"author":[{"embeddable":true,"href":"https:\/\/blogs.elcomercio.es\/largo_de_cafe\/wp-json\/wp\/v2\/users\/2"}],"replies":[{"embeddable":true,"href":"https:\/\/blogs.elcomercio.es\/largo_de_cafe\/wp-json\/wp\/v2\/comments?post=642"}],"version-history":[{"count":0,"href":"https:\/\/blogs.elcomercio.es\/largo_de_cafe\/wp-json\/wp\/v2\/posts\/642\/revisions"}],"wp:attachment":[{"href":"https:\/\/blogs.elcomercio.es\/largo_de_cafe\/wp-json\/wp\/v2\/media?parent=642"}],"wp:term":[{"taxonomy":"category","embeddable":true,"href":"https:\/\/blogs.elcomercio.es\/largo_de_cafe\/wp-json\/wp\/v2\/categories?post=642"},{"taxonomy":"post_tag","embeddable":true,"href":"https:\/\/blogs.elcomercio.es\/largo_de_cafe\/wp-json\/wp\/v2\/tags?post=642"}],"curies":[{"name":"wp","href":"https:\/\/api.w.org\/{rel}","templated":true}]}}