{"id":643,"date":"2009-04-16T07:58:00","date_gmt":"2009-04-16T07:58:00","guid":{"rendered":"http:\/\/blogs.elcomercio.es\/largo_de_cafe\/?p=643"},"modified":"2009-04-16T07:58:00","modified_gmt":"2009-04-16T07:58:00","slug":"de-que-se-dice-lo-se-hace","status":"publish","type":"post","link":"https:\/\/blogs.elcomercio.es\/largo_de_cafe\/2009\/04\/16\/de-que-se-dice-lo-se-hace\/","title":{"rendered":"DE LO QUE SE DICE A LO QUE SE HACE"},"content":{"rendered":"<p>Ante la recesi\u00f3n econ\u00f3mica, la pasividad gubernamental trata de ser borrada por Zapatero con una apretada agenda que incluye negociaciones con diversos interlocutores y la aprobaci\u00f3n de leyes. El presidente quiere detener la destrucci\u00f3n de empleo, aunque para el Congreso de los Diputados anuncia los siguientes proyectos: Ley de Igualdad de Trato, Ley de Interrupci\u00f3n del Embarazo, Ley de Libertad Religiosa y Ley Audiovisual. No veo la relaci\u00f3n de esas normas con la crisis econ\u00f3mica. <\/p>\n<p>En materia de pactos, la vicepresidenta segunda, Elena Salgado, va a retomar el di\u00e1logo de la concertaci\u00f3n, una vez que las organizaciones sociales han celebrado sus congresos; la propia Salgado, en compa\u00f1\u00eda de Manuel Chaves, recuperar\u00e1 la negociaci\u00f3n del modelo de financiaci\u00f3n auton\u00f3mica en el punto donde la hab\u00eda dejado Pedro Solbes. En Espa\u00f1a la oposici\u00f3n est\u00e1 representada por el PP, con el que pocos acuerdos puede pretender el Gobierno. Sin embargo, en el Congreso de los Diputados hay una serie de peque\u00f1os grupos que pueden darle la mayor\u00eda parlamentaria a Zapatero para aprobar leyes y presupuestos. La caracter\u00edstica com\u00fan de todos esos grupos es su vocaci\u00f3n nacionalista o regionalista, as\u00ed que un trato satisfactorio en el modelo de financiaci\u00f3n a las comunidades aut\u00f3nomas de las que proceden esos diputados podr\u00e1 desembocar en una alianza parlamentaria estable. Esa es la estrategia del presidente del Gobierno. <\/p>\n<p>Ahora bien, ni la financiaci\u00f3n auton\u00f3mica, ni los proyecto legislativos de ra\u00edz ideol\u00f3gica tienen nada que ver con la soluci\u00f3n a la crisis econ\u00f3mica. Nuevamente, como ocurri\u00f3 en la pasada legislatura, una gran parte de la actividad pol\u00edtica y parlamentaria se dedica a asuntos que no responden a los intereses generales del pa\u00eds. Chaves va a iniciar una ronda con los presidentes auton\u00f3micos para cerrar el nuevo modelo de financiaci\u00f3n, por encargo de Zapatero. Por su parte, Montilla declara que de financiaci\u00f3n s\u00f3lo negociar\u00e1 con la vicepresidenta econ\u00f3mica Elena Salgado. En cuanto se habla de dinero, los catalanes pierden las formas. Las comunidades se declaran incompetentes para cofinanciar una ampliaci\u00f3n del seguro de desempleo. Sin embargo, todas quieren un sistema de financiaci\u00f3n con m\u00e1s gasto sanitario y educativo a cuenta de impuestos que son del Estado. <\/p>\n<!-- AddThis Advanced Settings generic via filter on the_content --><!-- AddThis Share Buttons generic via filter on the_content -->","protected":false},"excerpt":{"rendered":"<p>Ante la recesi\u00f3n econ\u00f3mica, la pasividad gubernamental trata de ser borrada por Zapatero con una apretada agenda que incluye negociaciones con diversos interlocutores y la aprobaci\u00f3n de leyes. El presidente quiere detener la destrucci\u00f3n de empleo, aunque para el Congreso de los Diputados anuncia los siguientes proyectos: Ley de Igualdad de Trato, Ley de Interrupci\u00f3n [&hellip;]<!-- AddThis Advanced Settings generic via filter on get_the_excerpt --><!-- AddThis Share Buttons generic via filter on get_the_excerpt --><\/p>\n","protected":false},"author":2,"featured_media":0,"comment_status":"open","ping_status":"closed","sticky":false,"template":"","format":"standard","meta":[],"categories":[4],"tags":[],"_links":{"self":[{"href":"https:\/\/blogs.elcomercio.es\/largo_de_cafe\/wp-json\/wp\/v2\/posts\/643"}],"collection":[{"href":"https:\/\/blogs.elcomercio.es\/largo_de_cafe\/wp-json\/wp\/v2\/posts"}],"about":[{"href":"https:\/\/blogs.elcomercio.es\/largo_de_cafe\/wp-json\/wp\/v2\/types\/post"}],"author":[{"embeddable":true,"href":"https:\/\/blogs.elcomercio.es\/largo_de_cafe\/wp-json\/wp\/v2\/users\/2"}],"replies":[{"embeddable":true,"href":"https:\/\/blogs.elcomercio.es\/largo_de_cafe\/wp-json\/wp\/v2\/comments?post=643"}],"version-history":[{"count":0,"href":"https:\/\/blogs.elcomercio.es\/largo_de_cafe\/wp-json\/wp\/v2\/posts\/643\/revisions"}],"wp:attachment":[{"href":"https:\/\/blogs.elcomercio.es\/largo_de_cafe\/wp-json\/wp\/v2\/media?parent=643"}],"wp:term":[{"taxonomy":"category","embeddable":true,"href":"https:\/\/blogs.elcomercio.es\/largo_de_cafe\/wp-json\/wp\/v2\/categories?post=643"},{"taxonomy":"post_tag","embeddable":true,"href":"https:\/\/blogs.elcomercio.es\/largo_de_cafe\/wp-json\/wp\/v2\/tags?post=643"}],"curies":[{"name":"wp","href":"https:\/\/api.w.org\/{rel}","templated":true}]}}