{"id":644,"date":"2009-04-17T07:58:00","date_gmt":"2009-04-17T07:58:00","guid":{"rendered":"http:\/\/blogs.elcomercio.es\/largo_de_cafe\/?p=644"},"modified":"2009-04-17T07:58:00","modified_gmt":"2009-04-17T07:58:00","slug":"el-tren-la-discordia","status":"publish","type":"post","link":"https:\/\/blogs.elcomercio.es\/largo_de_cafe\/2009\/04\/17\/el-tren-la-discordia\/","title":{"rendered":"EL TREN DE LA DISCORDIA"},"content":{"rendered":"<p>El posicionamiento de N\u00fa\u00f1ez Feij\u00f3o a favor de construir el AVE del Cant\u00e1brico agita el debate sobre esta infraestructura en Asturias. El coordinador de IU, Jes\u00fas Iglesias, afirma que su grupo est\u00e1 en contra de la construcci\u00f3n de un tren de alta velocidad a lo largo de nuestra regi\u00f3n, pero reconoce que si las comunidades aut\u00f3nomas lim\u00edtrofes apoyan este equipamiento y el Gobierno se decide a hacerlo, no podr\u00e1 el Principado impedirlo. La valoraci\u00f3n de Iglesias es sensata, porque no confunde deseos con realidades. Pueden IU y los socialistas asturianos rechazar el AVE, que si se juntan el inter\u00e9s del resto de las regiones cant\u00e1bricas y la voluntad del Gobierno central, los convoyes de alta velocidad cruzar\u00e1n de oeste a este nuestro territorio. Es dif\u00edcil de imaginar todo el contorno nacional surcado por l\u00edneas de alta velocidad con la excepci\u00f3n de Asturias. Lo que resta por saber es la postura de Blanco sobre esta obra. Hasta ahora, el nuevo ministro de Fomento se ha limitado a decir que ejecutar\u00e1 las actuaciones contenidas en el &#8216;plan Galicia&#8217;, pero sin especificar. <\/p>\n<p>Ovidio S\u00e1nchez tiene una interpretaci\u00f3n m\u00e1s pintoresca sobre el rechazo del Principado al AVE del Cant\u00e1brico. El l\u00edder del PP considera que el Ejecutivo de Areces hace de gregario del Gobierno de Zapatero, al rechazar el AVE para que no se constate la falta de inversiones del Estado en nuestra regi\u00f3n. La argumentaci\u00f3n de S\u00e1nchez no sirve para explicar por qu\u00e9 Patxi L\u00f3pez pide construir el AVE, al igual que lo hace Miguel \u00c1ngel Revilla con consejeros socialistas en el Gobierno de Cantabria. Puestos a hablar del AVE del Cant\u00e1brico ser\u00eda bueno que Ovidio S\u00e1nchez nos adelantara alguna primicia sobre esta infraestructura, como, por ejemplo, el trazado que defiende el PP asturiano para ella. Hay tantas razones para defenderlo sin caer en discursos absurdos, que no se entiende el gusto de S\u00e1nchez por las declaraciones inconsistentes. No creo que el AVE del Cant\u00e1brico est\u00e9 dentro de las tres principales infraestructuras de transporte que necesita Asturias, pero tampoco es la \u00faltima en orden de preferencia. Antes de hablar con Blanco hay que ordenar las ideas. <\/p>\n<!-- AddThis Advanced Settings generic via filter on the_content --><!-- AddThis Share Buttons generic via filter on the_content -->","protected":false},"excerpt":{"rendered":"<p>El posicionamiento de N\u00fa\u00f1ez Feij\u00f3o a favor de construir el AVE del Cant\u00e1brico agita el debate sobre esta infraestructura en Asturias. El coordinador de IU, Jes\u00fas Iglesias, afirma que su grupo est\u00e1 en contra de la construcci\u00f3n de un tren de alta velocidad a lo largo de nuestra regi\u00f3n, pero reconoce que si las comunidades [&hellip;]<!-- AddThis Advanced Settings generic via filter on get_the_excerpt --><!-- AddThis Share Buttons generic via filter on get_the_excerpt --><\/p>\n","protected":false},"author":2,"featured_media":0,"comment_status":"open","ping_status":"closed","sticky":false,"template":"","format":"standard","meta":[],"categories":[4],"tags":[],"_links":{"self":[{"href":"https:\/\/blogs.elcomercio.es\/largo_de_cafe\/wp-json\/wp\/v2\/posts\/644"}],"collection":[{"href":"https:\/\/blogs.elcomercio.es\/largo_de_cafe\/wp-json\/wp\/v2\/posts"}],"about":[{"href":"https:\/\/blogs.elcomercio.es\/largo_de_cafe\/wp-json\/wp\/v2\/types\/post"}],"author":[{"embeddable":true,"href":"https:\/\/blogs.elcomercio.es\/largo_de_cafe\/wp-json\/wp\/v2\/users\/2"}],"replies":[{"embeddable":true,"href":"https:\/\/blogs.elcomercio.es\/largo_de_cafe\/wp-json\/wp\/v2\/comments?post=644"}],"version-history":[{"count":0,"href":"https:\/\/blogs.elcomercio.es\/largo_de_cafe\/wp-json\/wp\/v2\/posts\/644\/revisions"}],"wp:attachment":[{"href":"https:\/\/blogs.elcomercio.es\/largo_de_cafe\/wp-json\/wp\/v2\/media?parent=644"}],"wp:term":[{"taxonomy":"category","embeddable":true,"href":"https:\/\/blogs.elcomercio.es\/largo_de_cafe\/wp-json\/wp\/v2\/categories?post=644"},{"taxonomy":"post_tag","embeddable":true,"href":"https:\/\/blogs.elcomercio.es\/largo_de_cafe\/wp-json\/wp\/v2\/tags?post=644"}],"curies":[{"name":"wp","href":"https:\/\/api.w.org\/{rel}","templated":true}]}}