{"id":648,"date":"2009-04-21T08:09:00","date_gmt":"2009-04-21T08:09:00","guid":{"rendered":"http:\/\/blogs.elcomercio.es\/largo_de_cafe\/?p=648"},"modified":"2009-04-21T08:09:00","modified_gmt":"2009-04-21T08:09:00","slug":"ovidio-sanchez-pone-cifras-al-ave","status":"publish","type":"post","link":"https:\/\/blogs.elcomercio.es\/largo_de_cafe\/2009\/04\/21\/ovidio-sanchez-pone-cifras-al-ave\/","title":{"rendered":"OVIDIO S\u00c1NCHEZ PONE CIFRAS AL AVE"},"content":{"rendered":"<p>Aunque con un ligero retraso, Ovidio S\u00e1nchez ha visto la oportunidad abierta con el proyecto del AVE del Cant\u00e1brico para criticar a los socialistas. El l\u00edder del PP compara el rechazo parlamentario dado hace veinte a\u00f1os desde los esca\u00f1os del PSOE a la variante de Pajares con las actuales reticencias al tren de alta velocidad. Hay alguna diferencia: frente a la variante de Pajares ten\u00eda una postura en bloque el PSOE, mientras que ahora el Gobierno de Zapatero ha incluido el AVE del Cant\u00e1brico en el PEIT. Ovidio S\u00e1nchez recuerda que las otras tres comunidades aut\u00f3nomas (Galicia, Cantabria y Pa\u00eds Vasco) afectadas por el proyecto y el actual ministro de Fomento est\u00e1n a favor de construir la citada l\u00ednea de alta velocidad. <\/p>\n<p>     La postura oficial de los socialistas asturianos consiste en condicionar el apoyo al AVE al logro de un trazado que no da\u00f1e la rasa costera. Como da\u00f1os medioambientales o paisaj\u00edsticos producen todas las grandes infraestructuras de transporte, el asunto est\u00e1 en determinar el grado de transigencia con proyectos concretos. La prioridad a la hora de fijar un trazado tiene que ser minimizar el coste medioambiental, dejando en un segundo plano el resto de consideraciones sobre el itinerario. Extremar las consideraciones medioambientales es sin\u00f3nimo de apostar por un presupuesto elevado.<\/p>\n<p>     Ovidio S\u00e1nchez considera que costar\u00e1 1.800 millones de euros el trazado asturiano del AVE del Cant\u00e1brico, un c\u00e1lculo francamente optimista. A modo orientativo cabe hacer algunas consideraciones. La experiencia indica que la construcci\u00f3n de l\u00edneas de alta velocidad acaba resultando mucho m\u00e1s costosa que lo fijado en el presupuesto inicial. El AVE Madrid-Sevilla iba a costar 262.000 millones de pesetas y termin\u00f3 en 448.000 millones (71% m\u00e1s caro): todav\u00eda hay gente que habla de los sobrecostes como si fueran una creaci\u00f3n genuina de El Musel. Lo mismo ocurri\u00f3 con la l\u00ednea entre Madrid y Barcelona. En estos momentos, se est\u00e1 construyendo el AVE de Barcelona a Francia, con un coste medio de 10 millones de euros el kil\u00f3metro. Si a la mayor complicaci\u00f3n de la orograf\u00eda asturiana a\u00f1adimos un mayor celo por la protecci\u00f3n medioambiental, el resultado final es que la construcci\u00f3n del AVE del Cant\u00e1brico ser\u00e1 mucho m\u00e1s cara que la previsi\u00f3n de Ovidio. El problema no es de n\u00fameros.         <\/p>\n<!-- AddThis Advanced Settings generic via filter on the_content --><!-- AddThis Share Buttons generic via filter on the_content -->","protected":false},"excerpt":{"rendered":"<p>Aunque con un ligero retraso, Ovidio S\u00e1nchez ha visto la oportunidad abierta con el proyecto del AVE del Cant\u00e1brico para criticar a los socialistas. El l\u00edder del PP compara el rechazo parlamentario dado hace veinte a\u00f1os desde los esca\u00f1os del PSOE a la variante de Pajares con las actuales reticencias al tren de alta velocidad. [&hellip;]<!-- AddThis Advanced Settings generic via filter on get_the_excerpt --><!-- AddThis Share Buttons generic via filter on get_the_excerpt --><\/p>\n","protected":false},"author":2,"featured_media":0,"comment_status":"open","ping_status":"closed","sticky":false,"template":"","format":"standard","meta":[],"categories":[4],"tags":[],"_links":{"self":[{"href":"https:\/\/blogs.elcomercio.es\/largo_de_cafe\/wp-json\/wp\/v2\/posts\/648"}],"collection":[{"href":"https:\/\/blogs.elcomercio.es\/largo_de_cafe\/wp-json\/wp\/v2\/posts"}],"about":[{"href":"https:\/\/blogs.elcomercio.es\/largo_de_cafe\/wp-json\/wp\/v2\/types\/post"}],"author":[{"embeddable":true,"href":"https:\/\/blogs.elcomercio.es\/largo_de_cafe\/wp-json\/wp\/v2\/users\/2"}],"replies":[{"embeddable":true,"href":"https:\/\/blogs.elcomercio.es\/largo_de_cafe\/wp-json\/wp\/v2\/comments?post=648"}],"version-history":[{"count":0,"href":"https:\/\/blogs.elcomercio.es\/largo_de_cafe\/wp-json\/wp\/v2\/posts\/648\/revisions"}],"wp:attachment":[{"href":"https:\/\/blogs.elcomercio.es\/largo_de_cafe\/wp-json\/wp\/v2\/media?parent=648"}],"wp:term":[{"taxonomy":"category","embeddable":true,"href":"https:\/\/blogs.elcomercio.es\/largo_de_cafe\/wp-json\/wp\/v2\/categories?post=648"},{"taxonomy":"post_tag","embeddable":true,"href":"https:\/\/blogs.elcomercio.es\/largo_de_cafe\/wp-json\/wp\/v2\/tags?post=648"}],"curies":[{"name":"wp","href":"https:\/\/api.w.org\/{rel}","templated":true}]}}