{"id":651,"date":"2009-04-24T08:05:00","date_gmt":"2009-04-24T08:05:00","guid":{"rendered":"http:\/\/blogs.elcomercio.es\/largo_de_cafe\/?p=651"},"modified":"2009-04-24T08:05:00","modified_gmt":"2009-04-24T08:05:00","slug":"otro-intento-del-gobierno","status":"publish","type":"post","link":"https:\/\/blogs.elcomercio.es\/largo_de_cafe\/2009\/04\/24\/otro-intento-del-gobierno\/","title":{"rendered":"OTRO INTENTO DEL GOBIERNO"},"content":{"rendered":"<p>     La vicepresidenta segunda del Gobierno, Elena Salgado, ha declarado que el envejecimiento y la dispersi\u00f3n deben contar en la financiaci\u00f3n auton\u00f3mica. Junto a esos criterios, ampliamente conocidos por todos, ha a\u00f1adido que el gasto sanitario que depende de la edad avanzada tambi\u00e9n tiene que ser baremado en el sistema de financiaci\u00f3n. Nunca hasta ahora se hab\u00edan recogido tan claramente por el Gobierno las demandas asturianas sobre financiaci\u00f3n, al ser la primera vez que se abre una expectativa de ponderar el exceso de consumo sanitario provocado por la poblaci\u00f3n que tiene m\u00e1s de 75 a\u00f1os. Recu\u00e9rdese que en algunos estudios se recoge que la mitad del gasto sanitario de un individuo se produce en el \u00faltimo a\u00f1o de vida. <\/p>\n<p>     Elena Salgado se ha metido de lleno en el laberinto de la financiaci\u00f3n auton\u00f3mica, a las cuarenta y ocho horas de haberlo hecho el tercer vicepresidente del Gobierno: Chaves dej\u00f3 contento a Montilla y Salgado hizo lo propio con Antoni Castells, consejero de Econom\u00eda de la Generalitat y cerebro gris de todo el carajal organizado en torno al sistema de financiaci\u00f3n. \u00bfQu\u00e9 podemos decir del nuevo intento de negociar un nuevo modelo tras el cambio de ministros?<\/p>\n<p>    De momento hay pocas se\u00f1ales, pero ya se pueden espigar algunas tendencias. La negociaci\u00f3n empieza en Catalu\u00f1a. All\u00ed viajaron religiosamente los dos vicepresidentes del Gobierno para empezar la ronda auton\u00f3mica. El Gobierno est\u00e1 dispuesto a poner m\u00e1s recursos sobre la mesa para ser distribuidos entre las comunidades aut\u00f3nomas, lo que alegra a los ricos (Catalu\u00f1a) y a los menos ricos (Asturias). El Gobierno est\u00e1 dispuesto a ceder en algunos puntos, como la nivelaci\u00f3n de la financiaci\u00f3n \u201cper capita\u201d entre regiones, lo que supone m\u00e1s dinero para los ricos: Madrid, Baleares o Catalu\u00f1a. El m\u00e9todo para mejorar a estos territorios ser\u00e1, probablemente, el fondo de competitividad, un invento del equipo de Solbes, que luego dio paso a improvisar otros fondos al quejarse el mism\u00edsimo Chaves (en su \u00e9poca de presidente regional) de la marginaci\u00f3n andaluza. Puede que Catalu\u00f1a reciba compensaciones por mecanismos ajenos al sistema de financiaci\u00f3n, como pueden ser las inversiones presupuestarias. A los catalanes con tal de recibir riqueza, les da igual el tipo de moneda. A los pobres, por ahora, buenas palabras.       <\/p>\n<!-- AddThis Advanced Settings generic via filter on the_content --><!-- AddThis Share Buttons generic via filter on the_content -->","protected":false},"excerpt":{"rendered":"<p>La vicepresidenta segunda del Gobierno, Elena Salgado, ha declarado que el envejecimiento y la dispersi\u00f3n deben contar en la financiaci\u00f3n auton\u00f3mica. Junto a esos criterios, ampliamente conocidos por todos, ha a\u00f1adido que el gasto sanitario que depende de la edad avanzada tambi\u00e9n tiene que ser baremado en el sistema de financiaci\u00f3n. Nunca hasta ahora se [&hellip;]<!-- AddThis Advanced Settings generic via filter on get_the_excerpt --><!-- AddThis Share Buttons generic via filter on get_the_excerpt --><\/p>\n","protected":false},"author":2,"featured_media":0,"comment_status":"open","ping_status":"closed","sticky":false,"template":"","format":"standard","meta":[],"categories":[4],"tags":[],"_links":{"self":[{"href":"https:\/\/blogs.elcomercio.es\/largo_de_cafe\/wp-json\/wp\/v2\/posts\/651"}],"collection":[{"href":"https:\/\/blogs.elcomercio.es\/largo_de_cafe\/wp-json\/wp\/v2\/posts"}],"about":[{"href":"https:\/\/blogs.elcomercio.es\/largo_de_cafe\/wp-json\/wp\/v2\/types\/post"}],"author":[{"embeddable":true,"href":"https:\/\/blogs.elcomercio.es\/largo_de_cafe\/wp-json\/wp\/v2\/users\/2"}],"replies":[{"embeddable":true,"href":"https:\/\/blogs.elcomercio.es\/largo_de_cafe\/wp-json\/wp\/v2\/comments?post=651"}],"version-history":[{"count":0,"href":"https:\/\/blogs.elcomercio.es\/largo_de_cafe\/wp-json\/wp\/v2\/posts\/651\/revisions"}],"wp:attachment":[{"href":"https:\/\/blogs.elcomercio.es\/largo_de_cafe\/wp-json\/wp\/v2\/media?parent=651"}],"wp:term":[{"taxonomy":"category","embeddable":true,"href":"https:\/\/blogs.elcomercio.es\/largo_de_cafe\/wp-json\/wp\/v2\/categories?post=651"},{"taxonomy":"post_tag","embeddable":true,"href":"https:\/\/blogs.elcomercio.es\/largo_de_cafe\/wp-json\/wp\/v2\/tags?post=651"}],"curies":[{"name":"wp","href":"https:\/\/api.w.org\/{rel}","templated":true}]}}