{"id":654,"date":"2009-04-27T08:04:00","date_gmt":"2009-04-27T08:04:00","guid":{"rendered":"http:\/\/blogs.elcomercio.es\/largo_de_cafe\/?p=654"},"modified":"2009-04-27T08:04:00","modified_gmt":"2009-04-27T08:04:00","slug":"un-sexenio-hacer-reformas","status":"publish","type":"post","link":"https:\/\/blogs.elcomercio.es\/largo_de_cafe\/2009\/04\/27\/un-sexenio-hacer-reformas\/","title":{"rendered":"UN SEXENIO PARA HACER REFORMAS"},"content":{"rendered":"<p>Tras la entrevista que se publicaba ayer en estas p\u00e1ginas con Javier Fern\u00e1ndez, el portavoz parlamentario del PP, Joaqu\u00edn Ar\u00e9stegui, considera que los socialistas asturianos mantienen un doble discurso ante la crisis econ\u00f3mica. La visi\u00f3n optimista estar\u00eda encarnada por el presidente Areces, cuando asegura que Asturias ser\u00e1 la primera comunidad aut\u00f3noma en salir de la recesi\u00f3n, y la versi\u00f3n pesimista corresponder\u00eda a Javier Fern\u00e1ndez al asegurar que caminamos por un t\u00fanel en el que se tardar\u00e1 en ver la luz de salida. Joaqu\u00edn Ar\u00e9stegui afirma que nuestra regi\u00f3n no saldr\u00e1 del t\u00fanel con los socialistas. <\/p>\n<p>En los ciclos econ\u00f3micos tiene influencia la percepci\u00f3n de empresarios y consumidores. Por eso en la econom\u00eda acad\u00e9mica las expectativas constituyen una variable, como las importaciones, el ahorro o la presi\u00f3n impositiva. El \u00e1nimo de la gente incide en la marcha del PIB, as\u00ed que los vaticinios de los pol\u00edticos y de los organismos econ\u00f3micos dif\u00edcilmente resultan desinteresados. Un ejemplo de libro es lo que sucedi\u00f3 en los \u00faltimos quince a\u00f1os en Jap\u00f3n. Tras el &#8216;boom&#8217; de los a\u00f1os ochenta, con la espectacular revalorizaci\u00f3n de los activos inmobiliarios, la econom\u00eda japonesa entr\u00f3 en recesi\u00f3n. Los japoneses perdieron la autoestima y se deprimieron, convirtiendo su pesimismo en el principal problema para reanimar la econom\u00eda. Aunque los tipos de inter\u00e9s se rebajaron hasta quedar reducidos a cero, el consumo de Jap\u00f3n no despunt\u00f3 hasta entrado el siglo XXI. Ahora vuelven a estar cabizbajos y el PIB puede sufrir una ca\u00edda de dos d\u00edgitos. <\/p>\n<p>Por todo lo que acabo de escribir, los pol\u00edticos y las autoridades econ\u00f3micas suelen hacer los pron\u00f3sticos m\u00e1s benignos: el repunte siempre llegar\u00e1 dentro de uno o dos semestres. Sin embargo, un a\u00f1o m\u00e1s tarde, comprobamos que el repunte sigue estando a seis o doce meses de distancia. Creo que lo mejor es decirle a la gente la verdad, sin dramatismo, porque s\u00f3lo de esa manera se la puede convocar para compartir sacrificios salariales o recortes de prestaciones. Churchill jug\u00f3 esa baza cuando la poblaci\u00f3n civil sufr\u00eda los ataques de la aviaci\u00f3n alemana, y no le fue mal. Estamos en el primer a\u00f1o atroz de un trienio p\u00e9simo, que ser\u00e1 seguido por otro trienio de estancamiento. Al Gobierno le toca aprovechar el sexenio para introducir reformas.<\/p>\n<!-- AddThis Advanced Settings generic via filter on the_content --><!-- AddThis Share Buttons generic via filter on the_content -->","protected":false},"excerpt":{"rendered":"<p>Tras la entrevista que se publicaba ayer en estas p\u00e1ginas con Javier Fern\u00e1ndez, el portavoz parlamentario del PP, Joaqu\u00edn Ar\u00e9stegui, considera que los socialistas asturianos mantienen un doble discurso ante la crisis econ\u00f3mica. La visi\u00f3n optimista estar\u00eda encarnada por el presidente Areces, cuando asegura que Asturias ser\u00e1 la primera comunidad aut\u00f3noma en salir de la [&hellip;]<!-- AddThis Advanced Settings generic via filter on get_the_excerpt --><!-- AddThis Share Buttons generic via filter on get_the_excerpt --><\/p>\n","protected":false},"author":2,"featured_media":0,"comment_status":"open","ping_status":"closed","sticky":false,"template":"","format":"standard","meta":[],"categories":[4],"tags":[],"_links":{"self":[{"href":"https:\/\/blogs.elcomercio.es\/largo_de_cafe\/wp-json\/wp\/v2\/posts\/654"}],"collection":[{"href":"https:\/\/blogs.elcomercio.es\/largo_de_cafe\/wp-json\/wp\/v2\/posts"}],"about":[{"href":"https:\/\/blogs.elcomercio.es\/largo_de_cafe\/wp-json\/wp\/v2\/types\/post"}],"author":[{"embeddable":true,"href":"https:\/\/blogs.elcomercio.es\/largo_de_cafe\/wp-json\/wp\/v2\/users\/2"}],"replies":[{"embeddable":true,"href":"https:\/\/blogs.elcomercio.es\/largo_de_cafe\/wp-json\/wp\/v2\/comments?post=654"}],"version-history":[{"count":0,"href":"https:\/\/blogs.elcomercio.es\/largo_de_cafe\/wp-json\/wp\/v2\/posts\/654\/revisions"}],"wp:attachment":[{"href":"https:\/\/blogs.elcomercio.es\/largo_de_cafe\/wp-json\/wp\/v2\/media?parent=654"}],"wp:term":[{"taxonomy":"category","embeddable":true,"href":"https:\/\/blogs.elcomercio.es\/largo_de_cafe\/wp-json\/wp\/v2\/categories?post=654"},{"taxonomy":"post_tag","embeddable":true,"href":"https:\/\/blogs.elcomercio.es\/largo_de_cafe\/wp-json\/wp\/v2\/tags?post=654"}],"curies":[{"name":"wp","href":"https:\/\/api.w.org\/{rel}","templated":true}]}}