{"id":655,"date":"2009-04-28T08:02:00","date_gmt":"2009-04-28T08:02:00","guid":{"rendered":"http:\/\/blogs.elcomercio.es\/largo_de_cafe\/?p=655"},"modified":"2009-04-28T08:02:00","modified_gmt":"2009-04-28T08:02:00","slug":"las-promesas-chaves","status":"publish","type":"post","link":"https:\/\/blogs.elcomercio.es\/largo_de_cafe\/2009\/04\/28\/las-promesas-chaves\/","title":{"rendered":"LAS PROMESAS DE CHAVES"},"content":{"rendered":"<p>El pr\u00f3ximo martes vendr\u00e1 Manuel Chaves a Asturias para negociar con \u00c1lvarez Areces el nuevo sistema de financiaci\u00f3n auton\u00f3mica. El encuentro se inscribe dentro de la gira por las regiones que est\u00e1 realizando el tercer vicepresidente del Gobierno. La primera entrevista tuvo lugar con Montilla; luego, dialog\u00f3 con Camps, y ayer lo hizo con Marcelino Iglesias. Por lo visto hasta ahora todos los encuentros son constructivos, dejando una estela de optimismo tras las visitas. La sinton\u00eda entre Chaves y los presidentes auton\u00f3micos se basa en lo avanzado que ten\u00eda ya el acuerdo Pedro Solbes con todas las regiones. Las mayores resistencias proced\u00edan de la Generalitat, que se siente deudora de las bravatas lanzadas ante los catalanes sobre el rechazo a cualquier modelo que no sea una traslaci\u00f3n al texto de la letra del &#8216;Estatut&#8217;. <\/p>\n<p>El Gobierno va a poner algo m\u00e1s de dinero sobre la mesa para contentar a todos, aunque el sistema pueda resultar al final muy poco realista, ya que los recursos comprometidos en la negociaci\u00f3n tienen que ser luego refrendados por la recaudaci\u00f3n de Hacienda. Ser\u00eda de locos asumir un mayor d\u00e9ficit del Estado para que los presidentes auton\u00f3micos paguen m\u00e1s a sus funcionarios o mantengan redes de servicios sobredimensionadas, como ocurre con alguna red educativa, o promuevan pol\u00edticas de vivienda que vayan justo en la direcci\u00f3n contraria a lo que hace falta: dificultando la absorci\u00f3n del &#8216;stock&#8217; de pisos sin vender. Solbes propuso que los recursos globales de la financiaci\u00f3n auton\u00f3mica crecieran en 7.000 millones de euros y la nueva ministra de Econom\u00eda, Elena Salgado, est\u00e1 dispuesta a saltar ese tope. <\/p>\n<p>Manuel Chaves asegur\u00f3 en Barcelona que la financiaci\u00f3n &#8216;per capita&#8217; de los catalanes no quedar\u00e1 por debajo de la media del conjunto de las regiones; a Camps le prometi\u00f3 1.200 millones de euros m\u00e1s cada a\u00f1o y a Marcelino Iglesias le asegur\u00f3 que valorar\u00e1 lo dispersa y envejecida que tiene la poblaci\u00f3n Arag\u00f3n. Este \u00faltimo argumento seguro que lo repite en Oviedo la pr\u00f3xima semana.<br \/>\nPuestos a hacer c\u00e1lculos, a los asturianos nos corresponder\u00e1 un incremento de 200 millones de euros, o casi. Una cantidad que coincide exactamente con el volumen de fondos estructurales que recib\u00edamos en la gran \u00e9poca dorada del man\u00e1 europeo, cuando \u00e9ramos los pobres de la Uni\u00f3n Europea.<\/p>\n<!-- AddThis Advanced Settings generic via filter on the_content --><!-- AddThis Share Buttons generic via filter on the_content -->","protected":false},"excerpt":{"rendered":"<p>El pr\u00f3ximo martes vendr\u00e1 Manuel Chaves a Asturias para negociar con \u00c1lvarez Areces el nuevo sistema de financiaci\u00f3n auton\u00f3mica. El encuentro se inscribe dentro de la gira por las regiones que est\u00e1 realizando el tercer vicepresidente del Gobierno. La primera entrevista tuvo lugar con Montilla; luego, dialog\u00f3 con Camps, y ayer lo hizo con Marcelino [&hellip;]<!-- AddThis Advanced Settings generic via filter on get_the_excerpt --><!-- AddThis Share Buttons generic via filter on get_the_excerpt --><\/p>\n","protected":false},"author":2,"featured_media":0,"comment_status":"open","ping_status":"closed","sticky":false,"template":"","format":"standard","meta":[],"categories":[4],"tags":[],"_links":{"self":[{"href":"https:\/\/blogs.elcomercio.es\/largo_de_cafe\/wp-json\/wp\/v2\/posts\/655"}],"collection":[{"href":"https:\/\/blogs.elcomercio.es\/largo_de_cafe\/wp-json\/wp\/v2\/posts"}],"about":[{"href":"https:\/\/blogs.elcomercio.es\/largo_de_cafe\/wp-json\/wp\/v2\/types\/post"}],"author":[{"embeddable":true,"href":"https:\/\/blogs.elcomercio.es\/largo_de_cafe\/wp-json\/wp\/v2\/users\/2"}],"replies":[{"embeddable":true,"href":"https:\/\/blogs.elcomercio.es\/largo_de_cafe\/wp-json\/wp\/v2\/comments?post=655"}],"version-history":[{"count":0,"href":"https:\/\/blogs.elcomercio.es\/largo_de_cafe\/wp-json\/wp\/v2\/posts\/655\/revisions"}],"wp:attachment":[{"href":"https:\/\/blogs.elcomercio.es\/largo_de_cafe\/wp-json\/wp\/v2\/media?parent=655"}],"wp:term":[{"taxonomy":"category","embeddable":true,"href":"https:\/\/blogs.elcomercio.es\/largo_de_cafe\/wp-json\/wp\/v2\/categories?post=655"},{"taxonomy":"post_tag","embeddable":true,"href":"https:\/\/blogs.elcomercio.es\/largo_de_cafe\/wp-json\/wp\/v2\/tags?post=655"}],"curies":[{"name":"wp","href":"https:\/\/api.w.org\/{rel}","templated":true}]}}