{"id":6668,"date":"2020-06-02T22:20:00","date_gmt":"2020-06-02T20:20:00","guid":{"rendered":"https:\/\/blogs.elcomercio.es\/largo_de_cafe\/?p=6668"},"modified":"2020-06-02T22:20:00","modified_gmt":"2020-06-02T20:20:00","slug":"la-mercancia-del-si","status":"publish","type":"post","link":"https:\/\/blogs.elcomercio.es\/largo_de_cafe\/2020\/06\/02\/la-mercancia-del-si\/","title":{"rendered":"LA MERCANC\u00cdA DEL &#8220;S\u00cd&#8221;"},"content":{"rendered":"<div id=\"testArtCol_a\" class=\"art-layout-a\">\n<p>Contra todo pron\u00f3stico el Gobierno va a lograr la aprobaci\u00f3n de la pr\u00f3rroga del estado de alarma con m\u00e1s apoyos parlamentarios que en las \u00faltimas ocasiones. El disgusto de ERC por haber preferido la entente con Ciudadanos, y el enfado del PNV y Ciudadanos por el pacto secreto con Bildu, colocaban al equipo de Pedro S\u00e1nchez en una situaci\u00f3n muy dif\u00edcil, pero la negociaci\u00f3n se resolvi\u00f3 en muy poco tiempo, sin que los aliados le pasaran factura al Gobierno por el demencial acuerdo alcanzado con los sedicentes dem\u00f3cratas del nacionalismo radical vasco.<\/p>\n<\/div>\n<div id=\"testArtCol_b\" class=\"art-layout-b\">\n<p>ERC deja el frente del \u2018no\u2019 y vuelve a la abstenci\u00f3n para facilitar los planes de Pedro S\u00e1nchez. La rectificaci\u00f3n de Gabriel Rufi\u00e1n y sus conmilitones parece ir en la l\u00ednea de, \u00abantes que Ciudadanos estamos nosotros, presidente\u00bb. La elegancia del PNV, tras la sorprendente ayuda dada por el Gobierno a Bildu (la derogaci\u00f3n \u00edntegra de la reforma laboral, aunque luego qued\u00f3 en nada) ante las elecciones vascas del 12 de julio, resulta extra\u00f1a. En cuanto a Ciudadanos, resulta m\u00e1s entendible el apoyo a la pr\u00f3rroga porque el partido de In\u00e9s Arrimadas est\u00e1 en una situaci\u00f3n tan d\u00e9bil que necesita acercarse al PSOE; quedar donde estaba era exponerse a que los restos de su electorado se vayan al PP y Vox. No se sabe qu\u00e9 le dio el Gobierno a ERC, m\u00e1s all\u00e1 de conceder a la Generalitat la gesti\u00f3n de la pandemia y la reanudaci\u00f3n de la negociaci\u00f3n sobre el llamado conflicto catal\u00e1n, en julio. De todos los apoyos el m\u00e1s enigm\u00e1tico es del PNV; su portavoz, Aitor Esteban, se\u00f1al\u00f3 que apoyaban la pr\u00f3rroga porque se podr\u00eda gestionar el final de la desescalada desde los gobiernos vasco y navarro. Todo eso est\u00e1 muy bien, pero no basta. En los pactos con el PNV siempre aparece el dinero en alguna cl\u00e1usula.<\/p>\n<p>La gesti\u00f3n la desescalada en clave auton\u00f3mica la doy por buena, y a lo mejor acordaron el acercamiento de los presos de ETA que est\u00e1n en otras regiones de Espa\u00f1a. Pero sigue sin aparecer el dinero. La pista sobre el vil metal nos la da la concesi\u00f3n hecha, exclusivamente, a vascos y navarros sobre la gesti\u00f3n del Ingreso M\u00ednimo Vital. Seg\u00fan Pedro S\u00e1nchez porque tienen experiencia en este tema. Tambi\u00e9n la tenemos los asturianos: quince a\u00f1os de experiencia. Mucha m\u00e1s de la que tiene la mayor\u00eda de los ministros sobre las materias que gobiernan. Y el c\u00edrculo de la sospecha se cierra con la decisi\u00f3n de cargar la financiaci\u00f3n del Ingreso M\u00ednimo Vital sobre las cuentas de la Seguridad Social. De esa manera la prestaci\u00f3n no contabiliza en el cupo vasco.<\/p>\n<\/div>\n<!-- AddThis Advanced Settings generic via filter on the_content --><!-- AddThis Share Buttons generic via filter on the_content -->","protected":false},"excerpt":{"rendered":"<p>Contra todo pron\u00f3stico el Gobierno va a lograr la aprobaci\u00f3n de la pr\u00f3rroga del estado de alarma con m\u00e1s apoyos parlamentarios que en las \u00faltimas ocasiones. El disgusto de ERC por haber preferido la entente con Ciudadanos, y el enfado del PNV y Ciudadanos por el pacto secreto con Bildu, colocaban al equipo de Pedro [&hellip;]<!-- AddThis Advanced Settings generic via filter on get_the_excerpt --><!-- AddThis Share Buttons generic via filter on get_the_excerpt --><\/p>\n","protected":false},"author":2,"featured_media":0,"comment_status":"open","ping_status":"open","sticky":false,"template":"","format":"standard","meta":[],"categories":[1],"tags":[],"_links":{"self":[{"href":"https:\/\/blogs.elcomercio.es\/largo_de_cafe\/wp-json\/wp\/v2\/posts\/6668"}],"collection":[{"href":"https:\/\/blogs.elcomercio.es\/largo_de_cafe\/wp-json\/wp\/v2\/posts"}],"about":[{"href":"https:\/\/blogs.elcomercio.es\/largo_de_cafe\/wp-json\/wp\/v2\/types\/post"}],"author":[{"embeddable":true,"href":"https:\/\/blogs.elcomercio.es\/largo_de_cafe\/wp-json\/wp\/v2\/users\/2"}],"replies":[{"embeddable":true,"href":"https:\/\/blogs.elcomercio.es\/largo_de_cafe\/wp-json\/wp\/v2\/comments?post=6668"}],"version-history":[{"count":1,"href":"https:\/\/blogs.elcomercio.es\/largo_de_cafe\/wp-json\/wp\/v2\/posts\/6668\/revisions"}],"predecessor-version":[{"id":6669,"href":"https:\/\/blogs.elcomercio.es\/largo_de_cafe\/wp-json\/wp\/v2\/posts\/6668\/revisions\/6669"}],"wp:attachment":[{"href":"https:\/\/blogs.elcomercio.es\/largo_de_cafe\/wp-json\/wp\/v2\/media?parent=6668"}],"wp:term":[{"taxonomy":"category","embeddable":true,"href":"https:\/\/blogs.elcomercio.es\/largo_de_cafe\/wp-json\/wp\/v2\/categories?post=6668"},{"taxonomy":"post_tag","embeddable":true,"href":"https:\/\/blogs.elcomercio.es\/largo_de_cafe\/wp-json\/wp\/v2\/tags?post=6668"}],"curies":[{"name":"wp","href":"https:\/\/api.w.org\/{rel}","templated":true}]}}