{"id":6723,"date":"2020-06-23T23:00:19","date_gmt":"2020-06-23T21:00:19","guid":{"rendered":"https:\/\/blogs.elcomercio.es\/largo_de_cafe\/?p=6723"},"modified":"2020-06-23T23:00:19","modified_gmt":"2020-06-23T21:00:19","slug":"tamano-maximo","status":"publish","type":"post","link":"https:\/\/blogs.elcomercio.es\/largo_de_cafe\/2020\/06\/23\/tamano-maximo\/","title":{"rendered":"TAMA\u00d1O M\u00c1XIMO"},"content":{"rendered":"<div id=\"testArtCol_a\" class=\"art-layout-a-2x\">\n<p>El objetivo de reformar la Administraci\u00f3n, se\u00f1alado por Adri\u00e1n Barb\u00f3n y encargado al vicepresidente Juan Cofi\u00f1o, ha sido mejor recibido por la patronal que por los sindicatos; la mayor\u00eda de los grupos de oposici\u00f3n han evitado entrar en materia, refugi\u00e1ndose en comentarios anecd\u00f3ticos. La reforma es un guante que viene bien a todas las manos, mientras no se entre en concreciones. Se pueden hacer cambios para hacer a\u00fan m\u00e1s r\u00edgida la funci\u00f3n p\u00fablica y m\u00e1s tortuosos los procedimientos administrativos, o acometer modificaciones para hacer m\u00e1s flexible la estructura y simplificar los tr\u00e1mites. La reforma puede consolidar privilegios o beneficiar a la sociedad.<\/p>\n<p>El presidente del Principado coment\u00f3 que la reforma es la mejor garant\u00eda para que los funcionarios no pierdan derechos. El puesto de trabajo en el sector p\u00fablico es mucho m\u00e1s s\u00f3lido que en el privado, hasta tal punto de que una parte de los trabajadores se pasa toda la vida en el mismo sitio. Es m\u00e1s estable ahora que en tiempos de Gald\u00f3s, cuando hab\u00eda la figura de la cesant\u00eda para el funcionario. En consonancia con la estabilidad, el funcionario goza de m\u00e1s derechos. Por ejemplo, trabaja 35 horas a la semana y los dem\u00e1s asturianos sufragamos los 105 millones de euros que supone la extensi\u00f3n de ese beneficio para los m\u00e1s de 36.000 trabajadores del sector. Ahora bien, justo es reconocer que hay funcionarios interinos que trabajan hoy en Ribadesella y ma\u00f1ana en Cangas de Narcea; est\u00e1n a lo que les manden de un d\u00eda para otro. Imagino que a ellos se refer\u00eda Adri\u00e1n Barb\u00f3n cuando hablaba de mejorar lo que hay.<\/p>\n<\/div>\n<div id=\"testArtCol_b\" class=\"art-layout-b-2x\">\n<p>La reforma no estaba en el programa del gobierno y es fruto de la situaci\u00f3n creada por la pandemia. Todos entendemos que debe haber m\u00e1s sanitarios y que la Consejer\u00eda de Educaci\u00f3n tendr\u00e1 que contratar a m\u00e1s profesores para que las clases sean de grupos m\u00e1s reducidos con suficiente espacio de separaci\u00f3n entre los alumnos. El mismo realismo que demanda ampliar determinadas plantillas exige reducir en otras \u00e1reas del Principado. Una sociedad castigada por el paro no puede permitirse el lujo de mantener una Administraci\u00f3n de mayor tama\u00f1o que la actual. Al Gobierno le toca decidir d\u00f3nde poner y d\u00f3nde quitar. Mariano Rajoy recort\u00f3 por el m\u00e9todo silencioso de no sustituir al 90% de los empleados que se jubilaban. Una medida indiscriminada que hizo da\u00f1o en sectores sensibles como la sanidad. Lo m\u00e1s razonable es proceder a una valoraci\u00f3n de toda la funci\u00f3n p\u00fablica y suprimir o reducir lo prescindible.<\/p>\n<\/div>\n<!-- AddThis Advanced Settings generic via filter on the_content --><!-- AddThis Share Buttons generic via filter on the_content -->","protected":false},"excerpt":{"rendered":"<p>El objetivo de reformar la Administraci\u00f3n, se\u00f1alado por Adri\u00e1n Barb\u00f3n y encargado al vicepresidente Juan Cofi\u00f1o, ha sido mejor recibido por la patronal que por los sindicatos; la mayor\u00eda de los grupos de oposici\u00f3n han evitado entrar en materia, refugi\u00e1ndose en comentarios anecd\u00f3ticos. La reforma es un guante que viene bien a todas las manos, [&hellip;]<!-- AddThis Advanced Settings generic via filter on get_the_excerpt --><!-- AddThis Share Buttons generic via filter on get_the_excerpt --><\/p>\n","protected":false},"author":2,"featured_media":0,"comment_status":"open","ping_status":"open","sticky":false,"template":"","format":"standard","meta":[],"categories":[1],"tags":[],"_links":{"self":[{"href":"https:\/\/blogs.elcomercio.es\/largo_de_cafe\/wp-json\/wp\/v2\/posts\/6723"}],"collection":[{"href":"https:\/\/blogs.elcomercio.es\/largo_de_cafe\/wp-json\/wp\/v2\/posts"}],"about":[{"href":"https:\/\/blogs.elcomercio.es\/largo_de_cafe\/wp-json\/wp\/v2\/types\/post"}],"author":[{"embeddable":true,"href":"https:\/\/blogs.elcomercio.es\/largo_de_cafe\/wp-json\/wp\/v2\/users\/2"}],"replies":[{"embeddable":true,"href":"https:\/\/blogs.elcomercio.es\/largo_de_cafe\/wp-json\/wp\/v2\/comments?post=6723"}],"version-history":[{"count":1,"href":"https:\/\/blogs.elcomercio.es\/largo_de_cafe\/wp-json\/wp\/v2\/posts\/6723\/revisions"}],"predecessor-version":[{"id":6724,"href":"https:\/\/blogs.elcomercio.es\/largo_de_cafe\/wp-json\/wp\/v2\/posts\/6723\/revisions\/6724"}],"wp:attachment":[{"href":"https:\/\/blogs.elcomercio.es\/largo_de_cafe\/wp-json\/wp\/v2\/media?parent=6723"}],"wp:term":[{"taxonomy":"category","embeddable":true,"href":"https:\/\/blogs.elcomercio.es\/largo_de_cafe\/wp-json\/wp\/v2\/categories?post=6723"},{"taxonomy":"post_tag","embeddable":true,"href":"https:\/\/blogs.elcomercio.es\/largo_de_cafe\/wp-json\/wp\/v2\/tags?post=6723"}],"curies":[{"name":"wp","href":"https:\/\/api.w.org\/{rel}","templated":true}]}}