{"id":70,"date":"2007-09-07T00:16:04","date_gmt":"2007-09-07T00:16:04","guid":{"rendered":"http:\/\/blogs.elcomercio.es\/largo_de_cafe\/?p=70"},"modified":"2007-09-07T00:16:04","modified_gmt":"2007-09-07T00:16:04","slug":"el-peaje-es-politico","status":"publish","type":"post","link":"https:\/\/blogs.elcomercio.es\/largo_de_cafe\/2007\/09\/07\/el-peaje-es-politico\/","title":{"rendered":"El PEAJE ES POL\u00cdTICO"},"content":{"rendered":"<p>Seguimos conociendo datos sobre la futura rebaja del peaje del Huerna. El anuncio lo realiz\u00f3 Zapatero en la fiesta socialista de Rodiezmo, al asegurar que el pr\u00f3ximo a\u00f1o habr\u00e1 una bonificaci\u00f3n para todos los veh\u00edculos que usen la autopista del Huerna. Luego, empezaron las matizaciones. La dulcificaci\u00f3n del peaje no se har\u00e1 con cargo a los Presupuestos Generales del Estado, sino a trav\u00e9s de un fondo creado para rescatar los peajes que hay establecidos por la geograf\u00eda espa\u00f1ola. \u00bfLlegar\u00e1 el dinero del fondo para atender todas las promesas realizadas por el Gobierno en las diversas comunidades aut\u00f3nomas? Ahora, el presidente Areces adelanta que habr\u00e1 un tratamiento preferente para los habituales usuarios de la autopista. \u00bfNo hab\u00eda dicho Zapatero que la rebaja era para todos?<br \/>\n     Cada d\u00eda sabemos algo nuevo, aunque desconocemos lo esencial: la cuant\u00eda de la rebaja. El Gobierno est\u00e1 haciendo los c\u00e1lculos para fijar los porcentajes concretos, pero podr\u00eda adelantarnos cu\u00e1nto dinero va a dedicar a hacer menos gravoso el paso del Huerna. La idea de discriminar entre usuarios ya se aplica en la actualidad, al subvencionar a los transportistas, haciendo pagar todo el peaje al resto de conductores. Es posible establecer nuevas discriminaciones, con la puesta en circulaci\u00f3n de bonos, pero no soluciona el fondo del problema. Se queja la gente que viaja, por razones laborales, con mucha frecuencia por la autopista, pero la barrera del peaje es tambi\u00e9n para el resto de la regi\u00f3n, al penalizar la llegada de visitantes.<br \/>\n    La verdadera soluci\u00f3n est\u00e1 en rescatar el peaje, una medida muy costosa para la Administraci\u00f3n. Sin embargo, en la actualidad, el peaje del Huerna es antes un problema pol\u00edtico que econ\u00f3mico. La mejor prueba de ello es que s\u00f3lo empez\u00f3 a debatirse del mismo cuando Zapatero lo convirti\u00f3 en mercanc\u00eda electoral. Poco antes, el Gobierno de Aznar hab\u00eda prolongado el peaje por 29 a\u00f1os, sin recibir cr\u00edticas de los ciudadanos. Si el problema es pol\u00edtico, lo que ten\u00eda que hacer el Gobierno es afrontarlo como tal: \u00bfrescatar\u00eda el peaje Rajoy?. Los socialistas no saben pasar a la ofensiva, y cuando comprometen m\u00e1s gasto en infraestructuras o pol\u00edticas sociales, lo hacen para acallar las quejas.         <\/p>\n<!-- AddThis Advanced Settings generic via filter on the_content --><!-- AddThis Share Buttons generic via filter on the_content -->","protected":false},"excerpt":{"rendered":"<p>Seguimos conociendo datos sobre la futura rebaja del peaje del Huerna. El anuncio lo realiz\u00f3 Zapatero en la fiesta socialista de Rodiezmo, al asegurar que el pr\u00f3ximo a\u00f1o habr\u00e1 una bonificaci\u00f3n para todos los veh\u00edculos que usen la autopista del Huerna. Luego, empezaron las matizaciones. La dulcificaci\u00f3n del peaje no se har\u00e1 con cargo a [&hellip;]<!-- AddThis Advanced Settings generic via filter on get_the_excerpt --><!-- AddThis Share Buttons generic via filter on get_the_excerpt --><\/p>\n","protected":false},"author":2,"featured_media":0,"comment_status":"open","ping_status":"closed","sticky":false,"template":"","format":"standard","meta":[],"categories":[4],"tags":[],"_links":{"self":[{"href":"https:\/\/blogs.elcomercio.es\/largo_de_cafe\/wp-json\/wp\/v2\/posts\/70"}],"collection":[{"href":"https:\/\/blogs.elcomercio.es\/largo_de_cafe\/wp-json\/wp\/v2\/posts"}],"about":[{"href":"https:\/\/blogs.elcomercio.es\/largo_de_cafe\/wp-json\/wp\/v2\/types\/post"}],"author":[{"embeddable":true,"href":"https:\/\/blogs.elcomercio.es\/largo_de_cafe\/wp-json\/wp\/v2\/users\/2"}],"replies":[{"embeddable":true,"href":"https:\/\/blogs.elcomercio.es\/largo_de_cafe\/wp-json\/wp\/v2\/comments?post=70"}],"version-history":[{"count":0,"href":"https:\/\/blogs.elcomercio.es\/largo_de_cafe\/wp-json\/wp\/v2\/posts\/70\/revisions"}],"wp:attachment":[{"href":"https:\/\/blogs.elcomercio.es\/largo_de_cafe\/wp-json\/wp\/v2\/media?parent=70"}],"wp:term":[{"taxonomy":"category","embeddable":true,"href":"https:\/\/blogs.elcomercio.es\/largo_de_cafe\/wp-json\/wp\/v2\/categories?post=70"},{"taxonomy":"post_tag","embeddable":true,"href":"https:\/\/blogs.elcomercio.es\/largo_de_cafe\/wp-json\/wp\/v2\/tags?post=70"}],"curies":[{"name":"wp","href":"https:\/\/api.w.org\/{rel}","templated":true}]}}