{"id":71,"date":"2007-09-08T00:50:56","date_gmt":"2007-09-08T00:50:56","guid":{"rendered":"http:\/\/blogs.elcomercio.es\/largo_de_cafe\/?p=71"},"modified":"2007-09-08T00:50:56","modified_gmt":"2007-09-08T00:50:56","slug":"la-reforma-es-cosa-tres","status":"publish","type":"post","link":"https:\/\/blogs.elcomercio.es\/largo_de_cafe\/2007\/09\/08\/la-reforma-es-cosa-tres\/","title":{"rendered":"LA REFORMA ES COSA DE TRES"},"content":{"rendered":"<p>    El Pleno de la Junta General del Principado dedicado a la festividad del D\u00eda de Asturias ha servido para confirmar que la reforma del Estatuto de Autonom\u00eda es la prioridad parlamentaria de la clase pol\u00edtica regional. Los tres partidos representados en la C\u00e1mara est\u00e1n por la labor. Como casi todas las comunidades han iniciado el proceso de reformas estatutarias es normal que Asturias se sume a la tendencia general. Hasta aqu\u00ed nada de particular. Otra cosa es la orientaci\u00f3n que tome la revisi\u00f3n del Estatuto en nuestra tierra y los objetivos puestos en ella. Digo esto, porque en la intervenci\u00f3n del l\u00edder de IU, Jes\u00fas Iglesias, se lleg\u00f3 a establecer una relaci\u00f3n de causa a efecto entre contar con m\u00e1s autonom\u00eda y tener m\u00e1s empleo, mejor distribuci\u00f3n de la riqueza y vivienda m\u00e1s barata. No creo que esos loables objetivos se alcancen por la v\u00eda de una reforma estatutaria, aunque la cuesti\u00f3n de los nuevos estatutos se ha desenfocado hasta hacer de las reformas un comod\u00edn v\u00e1lido para colmar cualquier aspiraci\u00f3n ciudadana. Se pretende hacer creer a la gente que la explicitaci\u00f3n de un conjunto de derechos es equivalente a disfrutarlos, como si el empleo, por ejemplo, pudiera crearse por ley.<br \/>\n     Fernando Lastra ha repetido una idea expresada recientemente por Javier Fern\u00e1ndez: no todo lo constitucionalmente posible es pol\u00edticamente conveniente. Esta frase centra el debate sobre la orientaci\u00f3n de la reforma. Frente a la idea de m\u00e1s patria, m\u00e1s autonom\u00eda, m\u00e1s carta de derechos, m\u00e1s competencias, etc\u00e9tera, se alza la visi\u00f3n posibilista, en la que se busca un Estatuto a la medida de las necesidades regionales dentro de un Estado fuerte que aporte cohesi\u00f3n nacional. En la ponencia parlamentaria confrontar\u00e1n esas dos orientaciones.<br \/>\n      Joaqu\u00edn Ar\u00e9stegui realiz\u00f3 una intervenci\u00f3n plena de sentido com\u00fan, al vincular la reforma estatutaria a la mejor gesti\u00f3n de los servicios p\u00fablicos, que es lo que buscan los ciudadanos. En esta ocasi\u00f3n, el PP desech\u00f3 el discurso de igualarse en competencias con Catalu\u00f1a. Una buena noticia para los intereses regionales que se completa con la acertada distancia que marcan los socialistas asturianos con la visi\u00f3n territorial de Zapatero, que a veces parece inspirada en el discurso de IU.            <\/p>\n<!-- AddThis Advanced Settings generic via filter on the_content --><!-- AddThis Share Buttons generic via filter on the_content -->","protected":false},"excerpt":{"rendered":"<p>El Pleno de la Junta General del Principado dedicado a la festividad del D\u00eda de Asturias ha servido para confirmar que la reforma del Estatuto de Autonom\u00eda es la prioridad parlamentaria de la clase pol\u00edtica regional. Los tres partidos representados en la C\u00e1mara est\u00e1n por la labor. Como casi todas las comunidades han iniciado el [&hellip;]<!-- AddThis Advanced Settings generic via filter on get_the_excerpt --><!-- AddThis Share Buttons generic via filter on get_the_excerpt --><\/p>\n","protected":false},"author":2,"featured_media":0,"comment_status":"open","ping_status":"closed","sticky":false,"template":"","format":"standard","meta":[],"categories":[4],"tags":[],"_links":{"self":[{"href":"https:\/\/blogs.elcomercio.es\/largo_de_cafe\/wp-json\/wp\/v2\/posts\/71"}],"collection":[{"href":"https:\/\/blogs.elcomercio.es\/largo_de_cafe\/wp-json\/wp\/v2\/posts"}],"about":[{"href":"https:\/\/blogs.elcomercio.es\/largo_de_cafe\/wp-json\/wp\/v2\/types\/post"}],"author":[{"embeddable":true,"href":"https:\/\/blogs.elcomercio.es\/largo_de_cafe\/wp-json\/wp\/v2\/users\/2"}],"replies":[{"embeddable":true,"href":"https:\/\/blogs.elcomercio.es\/largo_de_cafe\/wp-json\/wp\/v2\/comments?post=71"}],"version-history":[{"count":0,"href":"https:\/\/blogs.elcomercio.es\/largo_de_cafe\/wp-json\/wp\/v2\/posts\/71\/revisions"}],"wp:attachment":[{"href":"https:\/\/blogs.elcomercio.es\/largo_de_cafe\/wp-json\/wp\/v2\/media?parent=71"}],"wp:term":[{"taxonomy":"category","embeddable":true,"href":"https:\/\/blogs.elcomercio.es\/largo_de_cafe\/wp-json\/wp\/v2\/categories?post=71"},{"taxonomy":"post_tag","embeddable":true,"href":"https:\/\/blogs.elcomercio.es\/largo_de_cafe\/wp-json\/wp\/v2\/tags?post=71"}],"curies":[{"name":"wp","href":"https:\/\/api.w.org\/{rel}","templated":true}]}}