{"id":724,"date":"2009-07-07T08:06:00","date_gmt":"2009-07-07T08:06:00","guid":{"rendered":"http:\/\/blogs.elcomercio.es\/largo_de_cafe\/?p=724"},"modified":"2009-07-07T08:06:00","modified_gmt":"2009-07-07T08:06:00","slug":"menos-caja-y-mas-compromisos","status":"publish","type":"post","link":"https:\/\/blogs.elcomercio.es\/largo_de_cafe\/2009\/07\/07\/menos-caja-y-mas-compromisos\/","title":{"rendered":"MENOS CAJA Y M\u00c1S COMPROMISOS"},"content":{"rendered":"<p>En la jornada inaugural de los cursos de La Granda, Jaime Rabanal ha manifestado que la recaudaci\u00f3n tributaria seguir\u00e1 a la baja el pr\u00f3ximo a\u00f1o. El consejero de Econom\u00eda prev\u00e9 que los ingresos fiscales sean, en el a\u00f1o 2010, entre un siete y un diez por ciento inferiores al presente a\u00f1o, que ya registra una disminuci\u00f3n sensible con respecto al 2008. A partir de este dato Jaime Rabanal no descarta una subida de los impuestos, aunque tampoco se atreve a adelantarla. De lo que est\u00e1 seguro el responsable de la gesti\u00f3n econ\u00f3mica del Principado es de mantener el volumen de inversi\u00f3n en 2010. <\/p>\n<p>Con menos gente empleada y el consumo de las familias por los suelos, al presupuesto del Principado le toca decrecer, aunque cabe elevar el nivel de deuda al m\u00e1ximo para descontar del futuro lo que no nos da el presente. Eso parece que va a hacer el Gobierno regional. Las necesidades sociales crecientes y el objetivo de animar la econom\u00eda regional son los argumentos que llevar\u00e1n al Principado a endeudarse y proponer un presupuesto inversor. Rabanal trabaja con la hip\u00f3tesis de que la econom\u00eda se reanime a lo largo del pr\u00f3ximo a\u00f1o; si es as\u00ed no hay nada que objetar. Pero si se prolonga la aton\u00eda la situaci\u00f3n se volver\u00e1 muy complicada, porque estar\u00e1n presentes todas las necesidades del presente m\u00e1s una deuda abultada sobre la espalda generando intereses. Optar por subir impuestos puede ser una medida acerada si se recauda m\u00e1s, pero puede ser que sirva para retraer a\u00fan m\u00e1s el consumo y para crear problemas a\u00f1adidos a las empresas, con lo que el remedio ser\u00eda peor que la enfermedad. Sin embargo, y esto es lo m\u00e1s formidable de la filosof\u00eda presupuestaria del Principado, no hay voluntad pol\u00edtica de recortar gastos. <\/p>\n<p>Jes\u00fas Iglesias, coordinador general de IU, planteaba el pasado domingo la contradicci\u00f3n existente entre luchar contra la crisis econ\u00f3mica y mantener el nuevo Palacio de Justicia de Oviedo y la Laboral como prioridades presupuestarias. Jaime Rabanal esquiv\u00f3 la pol\u00e9mica con su socio de gobierno, al exponer que el Palacio de Justicia ovetense no tendr\u00e1 reflejo en las cuentas regionales hasta el a\u00f1o 2011, y dejando sin respuesta la cr\u00edtica a la Laboral. La declaraci\u00f3n de Jes\u00fas Iglesias era oportuna, porque esos u otros equipamientos habr\u00e1 que relegar al no poder contar con un presupuesto que lo abarque todo.<\/p>\n<!-- AddThis Advanced Settings generic via filter on the_content --><!-- AddThis Share Buttons generic via filter on the_content -->","protected":false},"excerpt":{"rendered":"<p>En la jornada inaugural de los cursos de La Granda, Jaime Rabanal ha manifestado que la recaudaci\u00f3n tributaria seguir\u00e1 a la baja el pr\u00f3ximo a\u00f1o. El consejero de Econom\u00eda prev\u00e9 que los ingresos fiscales sean, en el a\u00f1o 2010, entre un siete y un diez por ciento inferiores al presente a\u00f1o, que ya registra una [&hellip;]<!-- AddThis Advanced Settings generic via filter on get_the_excerpt --><!-- AddThis Share Buttons generic via filter on get_the_excerpt --><\/p>\n","protected":false},"author":2,"featured_media":0,"comment_status":"open","ping_status":"closed","sticky":false,"template":"","format":"standard","meta":[],"categories":[4],"tags":[],"_links":{"self":[{"href":"https:\/\/blogs.elcomercio.es\/largo_de_cafe\/wp-json\/wp\/v2\/posts\/724"}],"collection":[{"href":"https:\/\/blogs.elcomercio.es\/largo_de_cafe\/wp-json\/wp\/v2\/posts"}],"about":[{"href":"https:\/\/blogs.elcomercio.es\/largo_de_cafe\/wp-json\/wp\/v2\/types\/post"}],"author":[{"embeddable":true,"href":"https:\/\/blogs.elcomercio.es\/largo_de_cafe\/wp-json\/wp\/v2\/users\/2"}],"replies":[{"embeddable":true,"href":"https:\/\/blogs.elcomercio.es\/largo_de_cafe\/wp-json\/wp\/v2\/comments?post=724"}],"version-history":[{"count":0,"href":"https:\/\/blogs.elcomercio.es\/largo_de_cafe\/wp-json\/wp\/v2\/posts\/724\/revisions"}],"wp:attachment":[{"href":"https:\/\/blogs.elcomercio.es\/largo_de_cafe\/wp-json\/wp\/v2\/media?parent=724"}],"wp:term":[{"taxonomy":"category","embeddable":true,"href":"https:\/\/blogs.elcomercio.es\/largo_de_cafe\/wp-json\/wp\/v2\/categories?post=724"},{"taxonomy":"post_tag","embeddable":true,"href":"https:\/\/blogs.elcomercio.es\/largo_de_cafe\/wp-json\/wp\/v2\/tags?post=724"}],"curies":[{"name":"wp","href":"https:\/\/api.w.org\/{rel}","templated":true}]}}