{"id":75,"date":"2007-09-12T00:06:36","date_gmt":"2007-09-12T00:06:36","guid":{"rendered":"http:\/\/blogs.elcomercio.es\/largo_de_cafe\/?p=75"},"modified":"2007-09-12T00:06:36","modified_gmt":"2007-09-12T00:06:36","slug":"el-sueldo-los-politicos","status":"publish","type":"post","link":"https:\/\/blogs.elcomercio.es\/largo_de_cafe\/2007\/09\/12\/el-sueldo-los-politicos\/","title":{"rendered":"El Sueldo de los Pol\u00edticos"},"content":{"rendered":"<p>    Ram\u00f3n Garc\u00eda Ca\u00f1al y Jos\u00e9 Agust\u00edn Cuervas Mons han criticado la profusi\u00f3n de altos cargos que hay en el Principado en esta legislatura. Seg\u00fan estos diputados, ha habido un incremento del 41% en el personal directivo o de confianza, con respecto al anterior mandato. Los portavoces del principal partido de oposici\u00f3n dicen que los cargos de confianza de las consejer\u00edas y las sociedades p\u00fablicas (fundaciones, patronatos, sociedades instrumentales) representan 18 millones de euros para las arcas del Principado. \u00bfQu\u00e9 se puede opinar de ello?<br \/>\n     En primer lugar hay que felicitar al grupo parlamentario del PP por empezar a jugar el papel que le corresponde, porque durante este verano todos tuvimos la sensaci\u00f3n de que la oposici\u00f3n al Gobierno de Areces se la hab\u00edan encargado a Gabino de Lorenzo. No parece l\u00f3gico que el alcalde de la capital tenga ese cometido. El asunto de los sueldos de los pol\u00edticos tiene un gran tir\u00f3n popular. Por lo general, la gente considera que ganan mucho para lo que trabajan. A esta sensaci\u00f3n colabora un cierto estilo de vida que resulta com\u00fan en los pol\u00edticos de los pa\u00edses de la Europa meridional, siempre dispuestos a viajar en imponentes coches oficiales, comer en excelentes restaurantes con cargo a la caja de la Administraci\u00f3n P\u00fablica y estar presentes en todo sarao que se organice. Adem\u00e1s, al empezar los mandatos toman la decisi\u00f3n de subir los sueldos y nunca se limitan a hacerlo en la misma proporci\u00f3n que la inflaci\u00f3n.<br \/>\n     En Asturias, los sueldos de los pol\u00edticos no son muy altos, con alguna excepci\u00f3n como la del alcalde de Oviedo. Voy a poner un ejemplo. Tras la \u00faltima huelga de los m\u00e9dicos, un doctor del \u00e1rea p\u00fablica con 20 a\u00f1os de antig\u00fcedad gana aproximadamente lo mismo que el consejero de Sanidad. Otra cosa es que la gente acepte mejor que sus impuestos vayan a pagar a un m\u00e9dico que a un pol\u00edtico. En cuanto al crecimiento de los altos cargos, se trata de una constante. Los 130 altos cargos que tiene ahora el Principado se convertir\u00e1n en m\u00e1s de 200 dentro de siete u ocho a\u00f1os. El presidente Su\u00e1rez ten\u00eda ocho \u201cfontaneros\u201d en la Moncloa, y ahora ese trabajo lo hacen varios cientos de personas. Sergio Marqu\u00e9s gobernaba con seis consejeros, y ahora hay diez. El poder cada d\u00eda acumula m\u00e1s poder.    <\/p>\n<!-- AddThis Advanced Settings generic via filter on the_content --><!-- AddThis Share Buttons generic via filter on the_content -->","protected":false},"excerpt":{"rendered":"<p>Ram\u00f3n Garc\u00eda Ca\u00f1al y Jos\u00e9 Agust\u00edn Cuervas Mons han criticado la profusi\u00f3n de altos cargos que hay en el Principado en esta legislatura. Seg\u00fan estos diputados, ha habido un incremento del 41% en el personal directivo o de confianza, con respecto al anterior mandato. Los portavoces del principal partido de oposici\u00f3n dicen que los cargos [&hellip;]<!-- AddThis Advanced Settings generic via filter on get_the_excerpt --><!-- AddThis Share Buttons generic via filter on get_the_excerpt --><\/p>\n","protected":false},"author":2,"featured_media":0,"comment_status":"open","ping_status":"closed","sticky":false,"template":"","format":"standard","meta":[],"categories":[4],"tags":[],"_links":{"self":[{"href":"https:\/\/blogs.elcomercio.es\/largo_de_cafe\/wp-json\/wp\/v2\/posts\/75"}],"collection":[{"href":"https:\/\/blogs.elcomercio.es\/largo_de_cafe\/wp-json\/wp\/v2\/posts"}],"about":[{"href":"https:\/\/blogs.elcomercio.es\/largo_de_cafe\/wp-json\/wp\/v2\/types\/post"}],"author":[{"embeddable":true,"href":"https:\/\/blogs.elcomercio.es\/largo_de_cafe\/wp-json\/wp\/v2\/users\/2"}],"replies":[{"embeddable":true,"href":"https:\/\/blogs.elcomercio.es\/largo_de_cafe\/wp-json\/wp\/v2\/comments?post=75"}],"version-history":[{"count":0,"href":"https:\/\/blogs.elcomercio.es\/largo_de_cafe\/wp-json\/wp\/v2\/posts\/75\/revisions"}],"wp:attachment":[{"href":"https:\/\/blogs.elcomercio.es\/largo_de_cafe\/wp-json\/wp\/v2\/media?parent=75"}],"wp:term":[{"taxonomy":"category","embeddable":true,"href":"https:\/\/blogs.elcomercio.es\/largo_de_cafe\/wp-json\/wp\/v2\/categories?post=75"},{"taxonomy":"post_tag","embeddable":true,"href":"https:\/\/blogs.elcomercio.es\/largo_de_cafe\/wp-json\/wp\/v2\/tags?post=75"}],"curies":[{"name":"wp","href":"https:\/\/api.w.org\/{rel}","templated":true}]}}