{"id":76,"date":"2007-09-13T00:28:55","date_gmt":"2007-09-13T00:28:55","guid":{"rendered":"http:\/\/blogs.elcomercio.es\/largo_de_cafe\/?p=76"},"modified":"2007-09-13T00:28:55","modified_gmt":"2007-09-13T00:28:55","slug":"sueldos-comparados","status":"publish","type":"post","link":"https:\/\/blogs.elcomercio.es\/largo_de_cafe\/2007\/09\/13\/sueldos-comparados\/","title":{"rendered":"SUELDOS COMPARADOS"},"content":{"rendered":"<p>    La portavoz del Gobierno sali\u00f3 al paso de las cr\u00edticas realizadas por Garc\u00eda Ca\u00f1al y Cuervas-Mons sobre el incremento de altos cargos en la Administraci\u00f3n y el coste que representan para los ciudadanos. Ana Rosa Migoya dice que los datos expuestos por el PP son falsos y que el Gobierno asturiano es uno de los m\u00e1s austeros de Espa\u00f1a. A Garc\u00eda Ca\u00f1al le recuerda que form\u00f3 parte del Gobierno m\u00e1s desastroso de la etapa auton\u00f3mica, y a Cuervas-Mons los problemas judiciales vividos en el Ayuntamiento de Oviedo por decisiones urban\u00edsticas.<br \/>\n     La salida a la palestra de Ana Rosa Migoya estaba cantada, porque todo lo que tiene que ver con el sueldo de los pol\u00edticos y los cargos de confianza es una materia sensible para el ciudadano. Con los n\u00fameros en la mano, le asiste la raz\u00f3n cuando invita a comparar la n\u00f3mina de los pol\u00edticos del Principado con los de cualquier otra comunidad aut\u00f3noma. De los presidentes auton\u00f3micos, s\u00f3lo dos (extreme\u00f1o y riojano) ganan menos que \u00c1lvarez Areces, que tiene un sueldo anual de 68.002 euros. El \u00fanico sueldo comparativamente alto de clase pol\u00edtica asturiana es el de Gabino de Lorenzo, que con 84.588 euros es el noveno alcalde mejor pagado de Espa\u00f1a.<br \/>\n     Otros aspectos de la comparecencia de la consejera son m\u00e1s discutibles. Los diputados del PP afirmaron que en el Principado hay 130 altos cargos, un 41% m\u00e1s que en el anterior mandato, y Ana Rosa Migoya calific\u00f3 de falsa la declaraci\u00f3n sin concretar el n\u00famero de altos cargos que hay en n\u00f3mina. Puede que todav\u00eda sean pocos los directivos del Principado, en relaci\u00f3n con los de otras regiones, pero aumentan en cada mandato. Atacar a Garc\u00eda Ca\u00f1al por el desdichado final que tuvo el Gobierno de Sergio Marqu\u00e9s es una forma de salirse por la tangente, ya que aquel Gobierno no se caracteriz\u00f3 precisamente por la larga lista de altos cargos que ten\u00eda en n\u00f3mina. Si el mandato de Marqu\u00e9s result\u00f3 desastroso, la culpa no hay que buscarla en el Principado, sino en el Gobierno de Aznar, que decidi\u00f3 someter a una operaci\u00f3n de acoso y derribo al Ejecutivo asturiano. Pese a la crisis pol\u00edtica, provocada por Madrid, la econom\u00eda asturiana empez\u00f3 a recuperarse en aquella legislatura. En cuanto a Marqu\u00e9s, mantuvo su dignidad personal e institucional, lo que no es poco.   <\/p>\n<!-- AddThis Advanced Settings generic via filter on the_content --><!-- AddThis Share Buttons generic via filter on the_content -->","protected":false},"excerpt":{"rendered":"<p>La portavoz del Gobierno sali\u00f3 al paso de las cr\u00edticas realizadas por Garc\u00eda Ca\u00f1al y Cuervas-Mons sobre el incremento de altos cargos en la Administraci\u00f3n y el coste que representan para los ciudadanos. Ana Rosa Migoya dice que los datos expuestos por el PP son falsos y que el Gobierno asturiano es uno de los [&hellip;]<!-- AddThis Advanced Settings generic via filter on get_the_excerpt --><!-- AddThis Share Buttons generic via filter on get_the_excerpt --><\/p>\n","protected":false},"author":2,"featured_media":0,"comment_status":"open","ping_status":"closed","sticky":false,"template":"","format":"standard","meta":[],"categories":[4],"tags":[],"_links":{"self":[{"href":"https:\/\/blogs.elcomercio.es\/largo_de_cafe\/wp-json\/wp\/v2\/posts\/76"}],"collection":[{"href":"https:\/\/blogs.elcomercio.es\/largo_de_cafe\/wp-json\/wp\/v2\/posts"}],"about":[{"href":"https:\/\/blogs.elcomercio.es\/largo_de_cafe\/wp-json\/wp\/v2\/types\/post"}],"author":[{"embeddable":true,"href":"https:\/\/blogs.elcomercio.es\/largo_de_cafe\/wp-json\/wp\/v2\/users\/2"}],"replies":[{"embeddable":true,"href":"https:\/\/blogs.elcomercio.es\/largo_de_cafe\/wp-json\/wp\/v2\/comments?post=76"}],"version-history":[{"count":0,"href":"https:\/\/blogs.elcomercio.es\/largo_de_cafe\/wp-json\/wp\/v2\/posts\/76\/revisions"}],"wp:attachment":[{"href":"https:\/\/blogs.elcomercio.es\/largo_de_cafe\/wp-json\/wp\/v2\/media?parent=76"}],"wp:term":[{"taxonomy":"category","embeddable":true,"href":"https:\/\/blogs.elcomercio.es\/largo_de_cafe\/wp-json\/wp\/v2\/categories?post=76"},{"taxonomy":"post_tag","embeddable":true,"href":"https:\/\/blogs.elcomercio.es\/largo_de_cafe\/wp-json\/wp\/v2\/tags?post=76"}],"curies":[{"name":"wp","href":"https:\/\/api.w.org\/{rel}","templated":true}]}}