{"id":77,"date":"2007-09-14T00:11:09","date_gmt":"2007-09-14T00:11:09","guid":{"rendered":"http:\/\/blogs.elcomercio.es\/largo_de_cafe\/?p=77"},"modified":"2007-09-14T00:11:09","modified_gmt":"2007-09-14T00:11:09","slug":"la-casta","status":"publish","type":"post","link":"https:\/\/blogs.elcomercio.es\/largo_de_cafe\/2007\/09\/14\/la-casta\/","title":{"rendered":"LA CASTA"},"content":{"rendered":"<p>Gracias a una iniciativa parlamentaria de IU podr\u00e1n quedar regulados por ley los sueldos de los alcaldes y concejales. La propuesta de la coalici\u00f3n de izquierdas est\u00e1 tramit\u00e1ndose en el Congreso de los Diputados y se prev\u00e9 que quede incorporada en el articulado de la nueva ley de la Administraci\u00f3n Local. La idea de IU es que se aprueben unos criterios sobre las percepciones econ\u00f3micas de los ediles que est\u00e9n basadas en datos objetivos, como pueden ser el n\u00famero de habitantes del municipio y el presupuesto econ\u00f3mico del ayuntamiento. Una vez fijadas esas pautas habr\u00e1 una horquilla de sueldos con topes m\u00e1ximos y m\u00ednimos.<br \/>\n    La iniciativa de IU es m\u00e1s que razonable. Los sueldos de los pol\u00edticos son motivo de pol\u00e9mica y esc\u00e1ndalo entre la poblaci\u00f3n, as\u00ed que es mejor establecer unas bases sobre la cuant\u00eda de los derechos econ\u00f3micos para evitar que algunos pierdan la cabeza y se pongan a s\u00ed mismos sueldos de gerente de multinacional. Todo muy razonable, pero no creo que sea f\u00e1cil resolver el problema. M\u00e1s de un alcalde va a decir que esa norma socava la autonom\u00eda, la independencia y la personalidad de los ayuntamientos, como instituciones soberanas, capaces de fijar sueldos y tomar decisiones, sin que est\u00e9n tuteladas por ley.<br \/>\n    La posici\u00f3n de los diputados en el debate es poco consistente, porque tampoco a ellos les fija nadie una escala de sueldos. Es m\u00e1s, los diputados tomaron hace un a\u00f1o, por amplio consenso (desde Nafarroa Bai hasta el PP), una decisi\u00f3n incre\u00edble, al fijar un fondo para que todas sus se\u00f1or\u00edas tengan derecho a la pensi\u00f3n m\u00e1xima, de forma que si no cotizaron lo suficiente para ello la diferencia se sustancia con cargo al fondo. El \u00fanico requisito es haber sido durante siete a\u00f1os diputado o senador. A un trabajador le exigen cotizar 35 a\u00f1os para acceder a la pensi\u00f3n m\u00e1xima, pero a un \u201cpadre de la Patria\u201d le basta con siete. Diputados y senadores aprobaron, por unanimidad, la creaci\u00f3n de un fondo de 18 millones de euros para vivir bien cuando pierdan el esca\u00f1o. A todo ello hay que sumar lo m\u00e1s irritante: las ventajas sociales, en forma de viajes, comidas, coches oficiales, ordenadores, asistentes, etc\u00e9tera. Por eso en Italia el libro de \u00e9xito sobre el estatus de los pol\u00edticos se titula, \u201cLa Casta\u201d.  <\/p>\n<!-- AddThis Advanced Settings generic via filter on the_content --><!-- AddThis Share Buttons generic via filter on the_content -->","protected":false},"excerpt":{"rendered":"<p>Gracias a una iniciativa parlamentaria de IU podr\u00e1n quedar regulados por ley los sueldos de los alcaldes y concejales. La propuesta de la coalici\u00f3n de izquierdas est\u00e1 tramit\u00e1ndose en el Congreso de los Diputados y se prev\u00e9 que quede incorporada en el articulado de la nueva ley de la Administraci\u00f3n Local. La idea de IU [&hellip;]<!-- AddThis Advanced Settings generic via filter on get_the_excerpt --><!-- AddThis Share Buttons generic via filter on get_the_excerpt --><\/p>\n","protected":false},"author":2,"featured_media":0,"comment_status":"open","ping_status":"closed","sticky":false,"template":"","format":"standard","meta":[],"categories":[4],"tags":[],"_links":{"self":[{"href":"https:\/\/blogs.elcomercio.es\/largo_de_cafe\/wp-json\/wp\/v2\/posts\/77"}],"collection":[{"href":"https:\/\/blogs.elcomercio.es\/largo_de_cafe\/wp-json\/wp\/v2\/posts"}],"about":[{"href":"https:\/\/blogs.elcomercio.es\/largo_de_cafe\/wp-json\/wp\/v2\/types\/post"}],"author":[{"embeddable":true,"href":"https:\/\/blogs.elcomercio.es\/largo_de_cafe\/wp-json\/wp\/v2\/users\/2"}],"replies":[{"embeddable":true,"href":"https:\/\/blogs.elcomercio.es\/largo_de_cafe\/wp-json\/wp\/v2\/comments?post=77"}],"version-history":[{"count":0,"href":"https:\/\/blogs.elcomercio.es\/largo_de_cafe\/wp-json\/wp\/v2\/posts\/77\/revisions"}],"wp:attachment":[{"href":"https:\/\/blogs.elcomercio.es\/largo_de_cafe\/wp-json\/wp\/v2\/media?parent=77"}],"wp:term":[{"taxonomy":"category","embeddable":true,"href":"https:\/\/blogs.elcomercio.es\/largo_de_cafe\/wp-json\/wp\/v2\/categories?post=77"},{"taxonomy":"post_tag","embeddable":true,"href":"https:\/\/blogs.elcomercio.es\/largo_de_cafe\/wp-json\/wp\/v2\/tags?post=77"}],"curies":[{"name":"wp","href":"https:\/\/api.w.org\/{rel}","templated":true}]}}