{"id":78,"date":"2007-09-15T00:22:48","date_gmt":"2007-09-15T00:22:48","guid":{"rendered":"http:\/\/blogs.elcomercio.es\/largo_de_cafe\/?p=78"},"modified":"2007-09-15T00:22:48","modified_gmt":"2007-09-15T00:22:48","slug":"sueldo-coste-politico","status":"publish","type":"post","link":"https:\/\/blogs.elcomercio.es\/largo_de_cafe\/2007\/09\/15\/sueldo-coste-politico\/","title":{"rendered":"SUELDO, COSTE POL\u00cdTICO"},"content":{"rendered":"<p>    El PSOE quiere acordar criterios para fijar los salarios de los ediles, pero no ve factible la determinaci\u00f3n de los sueldos por ley. Ante la pretensi\u00f3n de establecer una regulaci\u00f3n desde el Congreso de los Diputados se alza la doctrina del Tribunal Constitucional que aprecia en ello un ataque a la autonom\u00eda municipal. Los ayuntamientos o las diputaciones son instituciones soberanas, que no admiten tutelas, as\u00ed que la fijaci\u00f3n de los salarios corresponde a las propias instituciones locales.<br \/>\n    Las cautelas expuestas por \u00c1lvaro Cuesta se completan con la decisi\u00f3n de fijar orientaciones o directrices sobre las n\u00f3minas de los ediles, pero sin poner topes concretos a la cuant\u00eda de los salarios. El diputado socialista considera que este asunto se debe resolver en la Federaci\u00f3n de Municipios.<br \/>\n    Bien, pese a los intentos de IU, las cosas est\u00e1n m\u00e1s o menos donde siempre estuvieron: los sueldos de los alcaldes los establecen los plenos de los ayuntamientos, as\u00ed como los de los concejales, o los asesores, categor\u00eda esta \u00faltima de gran predicamento en las comunidades gobernadas por los nacionalistas y que ahora se ha extendido por todos los rincones del mapa, de modo que para gestionar cualquier cosa hace falta tener al lado un asesor con 45.000 argumentos (euros). Si no se puede aprobar una ley para evitar abusos econ\u00f3micos, menos factible va a ser hacerlo a trav\u00e9s de la Federaci\u00f3n de Municipios, que no pasa de ser un lobby para presionar al Gobierno central sobre las ayudas que debe dar a los ayuntamientos. Todos los miembros de la Federaci\u00f3n de Municipios est\u00e1n interesados en gozar de gran libertad para fijar sueldos, as\u00ed que confiar en la autorregulaci\u00f3n es un brindis al sol. Adem\u00e1s, es dif\u00edcil decirle a un alcalde que se baje el sueldo, cuando, por ejemplo, los eurodiputados, sin dar la cara ante el electorado y sin responsabilidades de gesti\u00f3n, ganan dinero hasta viajando en avi\u00f3n. Aqu\u00ed la \u00fanica soluci\u00f3n pasa por devolverle la capacidad de decisi\u00f3n al ciudadano, convirtiendo el asunto en un tema electoral. Me explico. El d\u00eda que uno de los dos grandes partidos lleve en su programa el sueldo m\u00e1ximo para sus alcaldes obligar\u00e1 al otro a hacer lo mismo, y de la competencia, como siempre, nace la bajada de costes.    <\/p>\n<!-- AddThis Advanced Settings generic via filter on the_content --><!-- AddThis Share Buttons generic via filter on the_content -->","protected":false},"excerpt":{"rendered":"<p>El PSOE quiere acordar criterios para fijar los salarios de los ediles, pero no ve factible la determinaci\u00f3n de los sueldos por ley. Ante la pretensi\u00f3n de establecer una regulaci\u00f3n desde el Congreso de los Diputados se alza la doctrina del Tribunal Constitucional que aprecia en ello un ataque a la autonom\u00eda municipal. Los ayuntamientos [&hellip;]<!-- AddThis Advanced Settings generic via filter on get_the_excerpt --><!-- AddThis Share Buttons generic via filter on get_the_excerpt --><\/p>\n","protected":false},"author":2,"featured_media":0,"comment_status":"open","ping_status":"closed","sticky":false,"template":"","format":"standard","meta":[],"categories":[4],"tags":[],"_links":{"self":[{"href":"https:\/\/blogs.elcomercio.es\/largo_de_cafe\/wp-json\/wp\/v2\/posts\/78"}],"collection":[{"href":"https:\/\/blogs.elcomercio.es\/largo_de_cafe\/wp-json\/wp\/v2\/posts"}],"about":[{"href":"https:\/\/blogs.elcomercio.es\/largo_de_cafe\/wp-json\/wp\/v2\/types\/post"}],"author":[{"embeddable":true,"href":"https:\/\/blogs.elcomercio.es\/largo_de_cafe\/wp-json\/wp\/v2\/users\/2"}],"replies":[{"embeddable":true,"href":"https:\/\/blogs.elcomercio.es\/largo_de_cafe\/wp-json\/wp\/v2\/comments?post=78"}],"version-history":[{"count":0,"href":"https:\/\/blogs.elcomercio.es\/largo_de_cafe\/wp-json\/wp\/v2\/posts\/78\/revisions"}],"wp:attachment":[{"href":"https:\/\/blogs.elcomercio.es\/largo_de_cafe\/wp-json\/wp\/v2\/media?parent=78"}],"wp:term":[{"taxonomy":"category","embeddable":true,"href":"https:\/\/blogs.elcomercio.es\/largo_de_cafe\/wp-json\/wp\/v2\/categories?post=78"},{"taxonomy":"post_tag","embeddable":true,"href":"https:\/\/blogs.elcomercio.es\/largo_de_cafe\/wp-json\/wp\/v2\/tags?post=78"}],"curies":[{"name":"wp","href":"https:\/\/api.w.org\/{rel}","templated":true}]}}