{"id":81,"date":"2007-09-18T00:07:44","date_gmt":"2007-09-18T00:07:44","guid":{"rendered":"http:\/\/blogs.elcomercio.es\/largo_de_cafe\/?p=81"},"modified":"2007-09-18T00:07:44","modified_gmt":"2007-09-18T00:07:44","slug":"control-pantalla","status":"publish","type":"post","link":"https:\/\/blogs.elcomercio.es\/largo_de_cafe\/2007\/09\/18\/control-pantalla\/","title":{"rendered":"CONTROL DE PANTALLA"},"content":{"rendered":"<p>El PP ha decidido tomar asiento en el consejo de administraci\u00f3n del Ente P\u00fablico de Comunicaci\u00f3n del Principado (la televisi\u00f3n auton\u00f3mica). Desde la constituci\u00f3n del Ente, el PP se mantuvo ausente del consejo, como forma m\u00e1xima de rechazo a un invento al que siempre se hab\u00edan opuesto. Ahora decide participar en el \u00f3rgano, aprovechando que van a tener tantos vocales como los socialistas: siete, el PP y el PSOE, y uno de IU. El consejo de administraci\u00f3n reproduce la correlaci\u00f3n de fuerzas del Parlamento.<br \/>\n   Los populares justifican la entrada en el Ente argumentando que desde fuera no pueden controlar la televisi\u00f3n auton\u00f3mica porque carecen de informaci\u00f3n. No han cambiado la posici\u00f3n de partida, al asegurar que los medios p\u00fablicos de comunicaci\u00f3n del Principado son un lastre para la econom\u00eda regional. Se trata de una medida pragm\u00e1tica: entrar para controlar.<br \/>\n    Ovidio S\u00e1nchez afirm\u00f3 durante la campa\u00f1a electoral que privatizar\u00eda la televisi\u00f3n auton\u00f3mica. De haber ganado, quiz\u00e1s hubiese llevado a cabo la medida. Cualquier l\u00edder pol\u00edtico es libre de tener ideas propias. Sin embargo, las referencias l\u00f3gicas de Ovidio S\u00e1nchez, que son las comunidades gobernadas por el PP, no han escogido ese modelo, y tienen su propia televisi\u00f3n con doctrina incorporada. Cuando un periodista flaquea desaparece de la pantalla. Ah\u00ed est\u00e1 Germ\u00e1n Yanke que no le dur\u00f3 muchos telediarios a Esperanza Aguirre, la campeona del liberalismo. En el caso asturiano, la pol\u00e9mica sobre la televisi\u00f3n ha remitido, porque la oposici\u00f3n pensaba que se iba a encontrar con un canal muy agresivo, muy de partido, y ahora se encuentra un tanto desorientada. \u00bfCu\u00e1nto tiempo estar\u00e1 la televisi\u00f3n fuera del debate pol\u00edtico? Ante un curso tan duro como el que se avecina, es dif\u00edcil que la televisi\u00f3n quede libre de cr\u00edticas. La propia composici\u00f3n del consejo de administraci\u00f3n, con mayor\u00eda de la oposici\u00f3n, puede ser un elemento clave para animar el debate. No se acerca un tiempo favorable al consenso, as\u00ed que la duda est\u00e1 en saber si IU mostrar\u00e1 m\u00e1s afinidad con el modelo de televisi\u00f3n de Areces o con las cr\u00edticas del PP. En este campo, como en otros, los socialistas tendr\u00e1n que demostrar que tienen cintura y que saben maniobrar en inferioridad de fuerzas.    <\/p>\n<!-- AddThis Advanced Settings generic via filter on the_content --><!-- AddThis Share Buttons generic via filter on the_content -->","protected":false},"excerpt":{"rendered":"<p>El PP ha decidido tomar asiento en el consejo de administraci\u00f3n del Ente P\u00fablico de Comunicaci\u00f3n del Principado (la televisi\u00f3n auton\u00f3mica). Desde la constituci\u00f3n del Ente, el PP se mantuvo ausente del consejo, como forma m\u00e1xima de rechazo a un invento al que siempre se hab\u00edan opuesto. Ahora decide participar en el \u00f3rgano, aprovechando que [&hellip;]<!-- AddThis Advanced Settings generic via filter on get_the_excerpt --><!-- AddThis Share Buttons generic via filter on get_the_excerpt --><\/p>\n","protected":false},"author":2,"featured_media":0,"comment_status":"open","ping_status":"closed","sticky":false,"template":"","format":"standard","meta":[],"categories":[4],"tags":[],"_links":{"self":[{"href":"https:\/\/blogs.elcomercio.es\/largo_de_cafe\/wp-json\/wp\/v2\/posts\/81"}],"collection":[{"href":"https:\/\/blogs.elcomercio.es\/largo_de_cafe\/wp-json\/wp\/v2\/posts"}],"about":[{"href":"https:\/\/blogs.elcomercio.es\/largo_de_cafe\/wp-json\/wp\/v2\/types\/post"}],"author":[{"embeddable":true,"href":"https:\/\/blogs.elcomercio.es\/largo_de_cafe\/wp-json\/wp\/v2\/users\/2"}],"replies":[{"embeddable":true,"href":"https:\/\/blogs.elcomercio.es\/largo_de_cafe\/wp-json\/wp\/v2\/comments?post=81"}],"version-history":[{"count":0,"href":"https:\/\/blogs.elcomercio.es\/largo_de_cafe\/wp-json\/wp\/v2\/posts\/81\/revisions"}],"wp:attachment":[{"href":"https:\/\/blogs.elcomercio.es\/largo_de_cafe\/wp-json\/wp\/v2\/media?parent=81"}],"wp:term":[{"taxonomy":"category","embeddable":true,"href":"https:\/\/blogs.elcomercio.es\/largo_de_cafe\/wp-json\/wp\/v2\/categories?post=81"},{"taxonomy":"post_tag","embeddable":true,"href":"https:\/\/blogs.elcomercio.es\/largo_de_cafe\/wp-json\/wp\/v2\/tags?post=81"}],"curies":[{"name":"wp","href":"https:\/\/api.w.org\/{rel}","templated":true}]}}