{"id":83,"date":"2007-09-20T00:13:59","date_gmt":"2007-09-20T00:13:59","guid":{"rendered":"http:\/\/blogs.elcomercio.es\/largo_de_cafe\/?p=83"},"modified":"2007-09-20T00:13:59","modified_gmt":"2007-09-20T00:13:59","slug":"directivos-escena","status":"publish","type":"post","link":"https:\/\/blogs.elcomercio.es\/largo_de_cafe\/2007\/09\/20\/directivos-escena\/","title":{"rendered":"DIRECTIVOS A ESCENA"},"content":{"rendered":"<p>Las razones expuestas por Daniel Guti\u00e9rrez Granda para rechazar la direcci\u00f3n del teatro de la Laboral han activado las reticencias del PP e IU sobre la contrataci\u00f3n del personal directivo de las empresas del Principado. El ex director de Deportes declar\u00f3 que se le ofrec\u00eda \u201cun sueldo fantasma, porque el puesto lo tiene otro\u201d. El PP e IU quieren saber si hay m\u00e1s sueldos para hacer por duplicado un trabajo. Los partidos de la oposici\u00f3n apuntan hacia la sociedad p\u00fablica que lleva las contrataciones y trabajos relacionados con los grandes proyectos e infraestructuras culturales y deportivas del Principado (La Universidad Laboral, Museo Jur\u00e1sico, Museo de la Prehistoria). La petici\u00f3n la realizan en la Junta General del Principado y en sede parlamentaria tendr\u00e1 que dar cuenta el Gobierno.<br \/>\n    La petici\u00f3n de la oposici\u00f3n es completamente normal, lo mismo hubieran hecho los socialistas en su lugar. Todo lo que tiene que ver con el dinero de los ciudadanos debe estar sometido a m\u00e1ximas dosis de transparencia, as\u00ed que si un dirigente socialista de toda la vida dice que le ofrec\u00edan un puesto para hacer un trabajo que ya hac\u00eda otra persona, es l\u00f3gico que la oposici\u00f3n quiera saber si hay m\u00e1s sueldos fantasma, o salarios por nada.<br \/>\n     Creo que hasta la fecha la gesti\u00f3n auton\u00f3mica carece de la desmesura que se da en algunas otras comunidades, pero no est\u00e1 de m\u00e1s conocer una lista detallada del personal directivo y de los sueldos que les pagamos todos. Si el Gobierno regional reacciona con rapidez y aporta datos se despejar\u00e1n las dudas, en caso contrario aumentar\u00e1 la cr\u00edtica, porque sobre la cuesti\u00f3n de los sueldos p\u00fablicos hay una gran sensibilidad entre la ciudadan\u00eda.<br \/>\n     En paralelo a estas consideraciones, el abandono de Guti\u00e9rrez Granda produce otras dos consecuencias: abre un debate sobre la orientaci\u00f3n del proyecto cultural de la Laboral, al proponer un tipo de actividades m\u00e1s convencionales y coordinadas con otros teatros de la regi\u00f3n, y provoca un choque de sentimientos entre la familia de los renovadores del socialismo gijon\u00e9s. Tras la renuncia de Guti\u00e9rrez Granda hay una cuesti\u00f3n de puestos de trabajo superpuestos, una reflexi\u00f3n sobre el teatro y un problema de familia pol\u00edtica. Una perfomance de Laboral Escena.   <\/p>\n<!-- AddThis Advanced Settings generic via filter on the_content --><!-- AddThis Share Buttons generic via filter on the_content -->","protected":false},"excerpt":{"rendered":"<p>Las razones expuestas por Daniel Guti\u00e9rrez Granda para rechazar la direcci\u00f3n del teatro de la Laboral han activado las reticencias del PP e IU sobre la contrataci\u00f3n del personal directivo de las empresas del Principado. El ex director de Deportes declar\u00f3 que se le ofrec\u00eda \u201cun sueldo fantasma, porque el puesto lo tiene otro\u201d. El [&hellip;]<!-- AddThis Advanced Settings generic via filter on get_the_excerpt --><!-- AddThis Share Buttons generic via filter on get_the_excerpt --><\/p>\n","protected":false},"author":2,"featured_media":0,"comment_status":"open","ping_status":"closed","sticky":false,"template":"","format":"standard","meta":[],"categories":[4],"tags":[],"_links":{"self":[{"href":"https:\/\/blogs.elcomercio.es\/largo_de_cafe\/wp-json\/wp\/v2\/posts\/83"}],"collection":[{"href":"https:\/\/blogs.elcomercio.es\/largo_de_cafe\/wp-json\/wp\/v2\/posts"}],"about":[{"href":"https:\/\/blogs.elcomercio.es\/largo_de_cafe\/wp-json\/wp\/v2\/types\/post"}],"author":[{"embeddable":true,"href":"https:\/\/blogs.elcomercio.es\/largo_de_cafe\/wp-json\/wp\/v2\/users\/2"}],"replies":[{"embeddable":true,"href":"https:\/\/blogs.elcomercio.es\/largo_de_cafe\/wp-json\/wp\/v2\/comments?post=83"}],"version-history":[{"count":0,"href":"https:\/\/blogs.elcomercio.es\/largo_de_cafe\/wp-json\/wp\/v2\/posts\/83\/revisions"}],"wp:attachment":[{"href":"https:\/\/blogs.elcomercio.es\/largo_de_cafe\/wp-json\/wp\/v2\/media?parent=83"}],"wp:term":[{"taxonomy":"category","embeddable":true,"href":"https:\/\/blogs.elcomercio.es\/largo_de_cafe\/wp-json\/wp\/v2\/categories?post=83"},{"taxonomy":"post_tag","embeddable":true,"href":"https:\/\/blogs.elcomercio.es\/largo_de_cafe\/wp-json\/wp\/v2\/tags?post=83"}],"curies":[{"name":"wp","href":"https:\/\/api.w.org\/{rel}","templated":true}]}}