{"id":85,"date":"2007-09-22T00:16:59","date_gmt":"2007-09-22T00:16:59","guid":{"rendered":"http:\/\/blogs.elcomercio.es\/largo_de_cafe\/?p=85"},"modified":"2007-09-22T00:16:59","modified_gmt":"2007-09-22T00:16:59","slug":"bilateral-y-cuotas","status":"publish","type":"post","link":"https:\/\/blogs.elcomercio.es\/largo_de_cafe\/2007\/09\/22\/bilateral-y-cuotas\/","title":{"rendered":"BILATERAL Y POR CUOTAS"},"content":{"rendered":"<p>Pedro Solbes afirma que la inversi\u00f3n del Gobierno central en las comunidades aut\u00f3nomas no supone ning\u00fan tipo de discriminaci\u00f3n entre los territorios. Sin embargo, el ministro de Econom\u00eda alcanz\u00f3 la celebridad en esta legislatura diciendo que los criterios de financiaci\u00f3n de los estatutos de autonom\u00eda supon\u00edan un sudoku de imposible resoluci\u00f3n. Pues bien, los acuerdos de inversi\u00f3n alcanzados por Zapatero con Montilla y Chaves son la plasmaci\u00f3n de las exigencias estatutarias. Andaluc\u00eda y Catalu\u00f1a, juntas, se llevan m\u00e1s del 36% de la inversi\u00f3n del Gobierno, porque sus estatutos as\u00ed lo exigen. Si la letra de los estatutos compon\u00eda un endiablado sudoku, los Presupuestos del Estado de 2008 resultan imposibles de confeccionar, a menos que el ministro de Econom\u00eda deje a alguna regi\u00f3n con menos dinero del esperado.<br \/>\n      Catalu\u00f1a y Andaluc\u00eda salen beneficiadas en las cuentas del Estado porque sus estatutos de autonom\u00eda tienen cl\u00e1usulas econ\u00f3micas que les favorecen. Sobre el voto andaluz y catal\u00e1n se asienta la fr\u00e1gil mayor\u00eda parlamentaria de Zapatero, as\u00ed que a seis meses de las elecciones lleg\u00f3 el momento de hacer pasar a unos delante de otros. Esta es la coyuntura adecuada para poner en pr\u00e1ctica la letra de los estatutos, y la mejor demostraci\u00f3n de lo que estoy diciendo es que esta semana se reactiv\u00f3 el sistema de relaci\u00f3n bilateral, Gobierno\/comunidades aut\u00f3nomas, sobre la que se edific\u00f3 el \u201cEstatut\u201d. Catalu\u00f1a se entiende con el Estado, luego ya ir\u00e1n el resto de comunidades aut\u00f3nomas. \u201cNo nos falles, Jos\u00e9 Luis\u201d, dijo Montilla antes de recibir m\u00e1s de 4.000 millones de euros.<br \/>\n     Esa relaci\u00f3n bilateral, que es la cristalizaci\u00f3n del modelo de federalismo asim\u00e9trico que propugnaba Maragall, se concreta en una pr\u00e1ctica muy nociva: la divisi\u00f3n de los Presupuestos Generales del Estado por cuotas. No se trata de dar un a\u00f1o m\u00e1s dinero a determinada regi\u00f3n para hacer un ferrocarril de alta velocidad, sino que todos los a\u00f1os cada comunidad recibir\u00e1 un porcentaje del dinero total. Catalu\u00f1a es el 18,8% del Estado. Por eso Zapatero se entrevista con los presidentes auton\u00f3micos para elaborar los Presupuestos. As\u00ed se confeccionan las cuentas europeas, pero yo cre\u00eda que Espa\u00f1a ten\u00eda m\u00e1s cohesi\u00f3n interna que la UE.   <\/p>\n<!-- AddThis Advanced Settings generic via filter on the_content --><!-- AddThis Share Buttons generic via filter on the_content -->","protected":false},"excerpt":{"rendered":"<p>Pedro Solbes afirma que la inversi\u00f3n del Gobierno central en las comunidades aut\u00f3nomas no supone ning\u00fan tipo de discriminaci\u00f3n entre los territorios. Sin embargo, el ministro de Econom\u00eda alcanz\u00f3 la celebridad en esta legislatura diciendo que los criterios de financiaci\u00f3n de los estatutos de autonom\u00eda supon\u00edan un sudoku de imposible resoluci\u00f3n. Pues bien, los acuerdos [&hellip;]<!-- AddThis Advanced Settings generic via filter on get_the_excerpt --><!-- AddThis Share Buttons generic via filter on get_the_excerpt --><\/p>\n","protected":false},"author":2,"featured_media":0,"comment_status":"open","ping_status":"closed","sticky":false,"template":"","format":"standard","meta":[],"categories":[4],"tags":[],"_links":{"self":[{"href":"https:\/\/blogs.elcomercio.es\/largo_de_cafe\/wp-json\/wp\/v2\/posts\/85"}],"collection":[{"href":"https:\/\/blogs.elcomercio.es\/largo_de_cafe\/wp-json\/wp\/v2\/posts"}],"about":[{"href":"https:\/\/blogs.elcomercio.es\/largo_de_cafe\/wp-json\/wp\/v2\/types\/post"}],"author":[{"embeddable":true,"href":"https:\/\/blogs.elcomercio.es\/largo_de_cafe\/wp-json\/wp\/v2\/users\/2"}],"replies":[{"embeddable":true,"href":"https:\/\/blogs.elcomercio.es\/largo_de_cafe\/wp-json\/wp\/v2\/comments?post=85"}],"version-history":[{"count":0,"href":"https:\/\/blogs.elcomercio.es\/largo_de_cafe\/wp-json\/wp\/v2\/posts\/85\/revisions"}],"wp:attachment":[{"href":"https:\/\/blogs.elcomercio.es\/largo_de_cafe\/wp-json\/wp\/v2\/media?parent=85"}],"wp:term":[{"taxonomy":"category","embeddable":true,"href":"https:\/\/blogs.elcomercio.es\/largo_de_cafe\/wp-json\/wp\/v2\/categories?post=85"},{"taxonomy":"post_tag","embeddable":true,"href":"https:\/\/blogs.elcomercio.es\/largo_de_cafe\/wp-json\/wp\/v2\/tags?post=85"}],"curies":[{"name":"wp","href":"https:\/\/api.w.org\/{rel}","templated":true}]}}