{"id":86,"date":"2007-09-23T13:05:40","date_gmt":"2007-09-23T13:05:40","guid":{"rendered":"http:\/\/blogs.elcomercio.es\/largo_de_cafe\/?p=86"},"modified":"2007-09-23T13:05:40","modified_gmt":"2007-09-23T13:05:40","slug":"un-adios-con-moraleja","status":"publish","type":"post","link":"https:\/\/blogs.elcomercio.es\/largo_de_cafe\/2007\/09\/23\/un-adios-con-moraleja\/","title":{"rendered":"UN ADI\u00d3S CON MORALEJA"},"content":{"rendered":"<p><strong><br \/>\nGuti\u00e9rrez Granda apunta un debate sobre la Laboral y la antigua \u201ctribu\u201d del socialismo gijon\u00e9s <\/strong><\/p>\n<p>    La renuncia de Daniel Guti\u00e9rrez Granda a ocupar la coordinaci\u00f3n general del teatro de la Laboral ha causado una gran sorpresa por lo inusual del gesto: rechazo a desempe\u00f1ar un cargo p\u00fablico bien remunerado, con la consecuencia a\u00f1adida del retorno a la f\u00e1brica. En Espa\u00f1a nadie dimite y en Asturias reina el inmovilismo, aunque esta realidad se disfraza con subterfugios, haciendo pasar a pol\u00edticos por asesores y rotando las caras por los distintos cargos del andamiaje institucional. Hace veinte a\u00f1os la gente se re\u00eda de la capacidad que ten\u00eda Luis Solana de saltar de un puesto a otro, cuando dej\u00f3 la presidencia de Telef\u00f3nica para ocupar la Direcci\u00f3n General de RTVE. A Luis Solana le han salido muchos imitadores.<br \/>\n     La estanqueidad de la clase pol\u00edtica no pasa de ser el env\u00e9s de una hoja cuya cara se corresponde con la actitud del electorado. La Junta General del Principado elegida en las elecciones del pasado mayo es un calco de la constituida en los comicios de 2003, as\u00ed que si todos votamos igual, con qu\u00e9 argumentos vamos a pedir a los pol\u00edticos que sean ellos los que cambien.<br \/>\n     Guti\u00e9rrez Granda utiliz\u00f3 una f\u00f3rmula poco manida para dejar la pol\u00edtica, prescindiendo de las bellas mentiras, sobre el ansiado retorno a la vida privada y la prioridad de la relaci\u00f3n familiar, para decir tres cosas concretas: el puesto que le ofrec\u00edan ya estaba ocupado por otro se\u00f1or; el teatro de la Laboral debe orientarse hacia un tipo de espect\u00e1culos abiertos y plurales; la comunicaci\u00f3n con el presidente del Principado, antes de la renuncia, le fue imposible. Trabajo, cultura y partido. El triple plano.<br \/>\n     Tras el portazo de Guti\u00e9rrez Granda la discusi\u00f3n se centr\u00f3 sobre las caracter\u00edsticas puesto de trabajo. Es una discusi\u00f3n est\u00e9ril. Decir que una cosa es la coordinaci\u00f3n general de un teatro y otra la direcci\u00f3n del mismo o empezar a debatir a qui\u00e9n le corresponde la funci\u00f3n de programar no lleva a ning\u00fan lado. Hay todo tipo de modelos de gesti\u00f3n, no es una cuesti\u00f3n legal de competencias, susceptible de venir definida por el Derecho Administrativo. Cuando las cosas se hacen bien, se discuten las propuestas y se comparten las decisiones ante el exterior. De las explicaciones de Guti\u00e9rrez Granda se desprende que hubo un malentendido inicial, al tratar de hacerse cargo de una tarea que ya estaba realizando otro directivo. \u00bfQu\u00e9 hip\u00f3tesis podemos formular para explicar esa embarazosa situaci\u00f3n?<br \/>\n      Todo indica que la coordinaci\u00f3n general del teatro de la Laboral le ha llegado a Guti\u00e9rrez Granda de rebote, como premio de consolaci\u00f3n. Como todo qued\u00f3 igual tras las elecciones, lo m\u00e1s normal es que el director general de Deportes siguiera en su puesto. La experiencia acumulada, la personalidad del personaje y su capacidad para contactar con las m\u00e1s diversas asociaciones deportivas o con clubes de barrio, lo hac\u00edan especialmente id\u00f3neo para esa responsabilidad. Es posible que no hubiera tenido las mejores relaciones del mundo con la consejera de Cultura, Ana Rosa Migoya, pero la titular del departamento hab\u00eda cambiado (Encarna Rodr\u00edguez), y, adem\u00e1s, para qu\u00e9 nos vamos a enga\u00f1ar, Daniel Guti\u00e9rrez Granda era, por encima de cualquier otra consideraci\u00f3n, un hombre de \u00c1lvarez Areces, del equipo socialista forjado en el Ayuntamiento de Gij\u00f3n en la d\u00e9cada de los ochenta del siglo pasado. Ten\u00eda hilo directo con el jefe.<br \/>\n     En el complejo juego de presiones y descartes, que acompa\u00f1a a la formaci\u00f3n de todo gobierno, debi\u00f3 de quedar desplazado, y alguien pens\u00f3 que en el teatro de la Laboral pod\u00eda reubicarse. El conflicto surge cuando Guti\u00e9rrez Granda no quiere un despacho y una n\u00f3mina, sino que pretende desempe\u00f1ar un trabajo, y al verse limitado, tira la toalla y vuelve a su antigua Ensidesa, que ahora se llama Arcelor Mittal.<br \/>\n     Al marchar, el ex director general del Principado dej\u00f3 esbozado un debate al declarar que su proyecto pasaba por idear un teatro plural y abierto, sin incurrir en programaciones elitistas. Una mera menci\u00f3n al elitismo bast\u00f3 para que la consejera de Cultura, Encarna Rodr\u00edguez, recogiera el guante y hablara de llevar a cabo una programaci\u00f3n popular, pero no populista. Veinticuatro horas despu\u00e9s nos enteramos de los \u00e9xitos de p\u00fablico de algunas actividades art\u00edsticas de la Laboral.<br \/>\n     Se trata de un debate prematuro. No se puede discutir sobre el acierto de las actividades art\u00edsticas de la Laboral cuando apenas se han apuntado. Pero ese debate llegar\u00e1 un d\u00eda, porque la idea de hacer actividades novedosas e informales en un contenedor tan r\u00edgido apenas tiene precedentes. Se trata de una apuesta muy valiente y arriesgada que, en su d\u00eda, ser\u00e1 valorada por la opini\u00f3n p\u00fablica. El proyecto de la Laboral es el mayor acto de delegaci\u00f3n y confianza en unos gestores realizado por \u00c1lvarez Areces desde que es presidente.<br \/>\n     El adi\u00f3s de Guti\u00e9rrez Granda proyecta una mirada sobre la antigua familia de los renovadores del socialismo gijon\u00e9s. Las llamadas y los mail al presidente, sin respuesta, indican que las viejas bandas de rockeros se dispersan. Las corrientes en los partidos se articulan contra un enemigo com\u00fan. Los renovadores se constituyeron en tribu, en torno a \u00c1lvarez Areces, para luchar contra la hegemon\u00eda del Soma en el socialismo asturiano, que veinte a\u00f1os atr\u00e1s ya ten\u00eda un discurso arcaico y monol\u00edtico.<br \/>\n     Ahora, el panorama ha cambiado. Jos\u00e9 \u00c1ngel Fern\u00e1ndez Villa juega un papel muy discreto en la vida p\u00fablica asturiana y la \u00fanica referencia org\u00e1nica es la Ejecutiva de la FSA, apoyada por un 90% de los militantes. Al otro lado del Pajares tampoco hay familias, todos est\u00e1n con Zapatero. Sin enemigo com\u00fan el grupo se dispersa. Lo ocurrido con el fallido traslado del Instituto de la Mujer a Gij\u00f3n ya fue muy revelador. En otro contexto nadie hubiera impedido a Mar\u00eda Jos\u00e9 Ramos realizar esa operaci\u00f3n. Y Guti\u00e9rrez Granda seguir\u00eda de director general de Deportes. Cuando la antigua familia  se divide en subgrupos, ocurren esas disfunciones.<br \/>\n     El socialismo gijon\u00e9s est\u00e1 en otra dial\u00e9ctica pol\u00edtica, y cuenta con la suerte de una alcaldesa que carece de intereses particulares y de un secretario de la agrupaci\u00f3n suficientemente d\u00factil para saber que lleg\u00f3 el momento de mirar lejos y concebir un escenario plural.           <\/p>\n<!-- AddThis Advanced Settings generic via filter on the_content --><!-- AddThis Share Buttons generic via filter on the_content -->","protected":false},"excerpt":{"rendered":"<p>Guti\u00e9rrez Granda apunta un debate sobre la Laboral y la antigua \u201ctribu\u201d del socialismo gijon\u00e9s La renuncia de Daniel Guti\u00e9rrez Granda a ocupar la coordinaci\u00f3n general del teatro de la Laboral ha causado una gran sorpresa por lo inusual del gesto: rechazo a desempe\u00f1ar un cargo p\u00fablico bien remunerado, con la consecuencia a\u00f1adida del retorno [&hellip;]<!-- AddThis Advanced Settings generic via filter on get_the_excerpt --><!-- AddThis Share Buttons generic via filter on get_the_excerpt --><\/p>\n","protected":false},"author":2,"featured_media":0,"comment_status":"open","ping_status":"closed","sticky":false,"template":"","format":"standard","meta":[],"categories":[4],"tags":[],"_links":{"self":[{"href":"https:\/\/blogs.elcomercio.es\/largo_de_cafe\/wp-json\/wp\/v2\/posts\/86"}],"collection":[{"href":"https:\/\/blogs.elcomercio.es\/largo_de_cafe\/wp-json\/wp\/v2\/posts"}],"about":[{"href":"https:\/\/blogs.elcomercio.es\/largo_de_cafe\/wp-json\/wp\/v2\/types\/post"}],"author":[{"embeddable":true,"href":"https:\/\/blogs.elcomercio.es\/largo_de_cafe\/wp-json\/wp\/v2\/users\/2"}],"replies":[{"embeddable":true,"href":"https:\/\/blogs.elcomercio.es\/largo_de_cafe\/wp-json\/wp\/v2\/comments?post=86"}],"version-history":[{"count":0,"href":"https:\/\/blogs.elcomercio.es\/largo_de_cafe\/wp-json\/wp\/v2\/posts\/86\/revisions"}],"wp:attachment":[{"href":"https:\/\/blogs.elcomercio.es\/largo_de_cafe\/wp-json\/wp\/v2\/media?parent=86"}],"wp:term":[{"taxonomy":"category","embeddable":true,"href":"https:\/\/blogs.elcomercio.es\/largo_de_cafe\/wp-json\/wp\/v2\/categories?post=86"},{"taxonomy":"post_tag","embeddable":true,"href":"https:\/\/blogs.elcomercio.es\/largo_de_cafe\/wp-json\/wp\/v2\/tags?post=86"}],"curies":[{"name":"wp","href":"https:\/\/api.w.org\/{rel}","templated":true}]}}