{"id":87,"date":"2007-09-24T00:06:13","date_gmt":"2007-09-24T00:06:13","guid":{"rendered":"http:\/\/blogs.elcomercio.es\/largo_de_cafe\/?p=87"},"modified":"2007-09-24T00:06:13","modified_gmt":"2007-09-24T00:06:13","slug":"fin-ciclo","status":"publish","type":"post","link":"https:\/\/blogs.elcomercio.es\/largo_de_cafe\/2007\/09\/24\/fin-ciclo\/","title":{"rendered":"FIN DE CICLO"},"content":{"rendered":"<p>Alicia Castro deja la pol\u00edtica despu\u00e9s de llevar media vida dedicada a ella. En la actualidad representa a los asturianos en el Congreso de los Diputados, responsabilidad que ejerce con ganas e ilusi\u00f3n, como lo prueba la gran cantidad de intervenciones parlamentarias realizadas en este mandato. Tras el silencio mantenido por la c\u00fapula del PP despu\u00e9s de los comicios auton\u00f3micos del pasado mayo, dejando todo el protagonismo al PSOE e IU, llega la sorprendente renuncia de Alicia. \u00bfQu\u00e9 decir ante esta situaci\u00f3n?<br \/>\n     El PP es uno de los dos grandes partidos de la vida pol\u00edtica espa\u00f1ola, de modo que su imagen en cualquier comunidad aut\u00f3noma est\u00e1 muy mediatizada por la actividad de sus l\u00edderes nacionales, particularmente por el hacer de Rajoy. Esta circunstancia se repite en todos los territorios, pero en el caso de Asturias tiene una especial proyecci\u00f3n, porque la direcci\u00f3n regional del PP vive casi exclusivamente de la imagen nacional de su partido, como hace unos a\u00f1os se apoyaba en las actuaciones de los ministros de Aznar (Rato y \u00c1lvarez-Cascos). Cuando el debate tiene unas rigurosas coordenadas asturianas, caso de las elecciones auton\u00f3micas y municipales, pierden los candidatos del PP frente a los socialistas, pero cuando se trata de una disputa nacional, como en las elecciones generales, los candidatos del PP asturiano ganan a la izquierda. Esta suerte dispar en las urnas muestra claramente que la debilidad del PP tiene que ver con el trabajo en la regi\u00f3n y en los municipios, donde el partido est\u00e1 demasiadas veces ausente.<br \/>\n     La tercera derrota de Ovidio S\u00e1nchez en las urnas ante \u00c1lvarez Areces y el abandono de Alicia Castro marcan el final de un ciclo en el PP regional que se hab\u00eda iniciado sobre los escombros de una organizaci\u00f3n debilitada tras la crisis desarrollada entre el Gobierno de Sergio Marqu\u00e9s y el aparato del partido. El PP asturiano tiene que empezar una nueva etapa y est\u00e1 en mejores circunstancias para hacerlo que unos a\u00f1os atr\u00e1s, porque a escala nacional Rajoy mantiene unas expectativas altas de voto, y en Asturias se da un fen\u00f3meno nuevo: la izquierda se encuentra totalmente dividida, y el Gobierno regional va a tener que gestionar los intereses generales con el Parlamento en contra.   <\/p>\n<!-- AddThis Advanced Settings generic via filter on the_content --><!-- AddThis Share Buttons generic via filter on the_content -->","protected":false},"excerpt":{"rendered":"<p>Alicia Castro deja la pol\u00edtica despu\u00e9s de llevar media vida dedicada a ella. En la actualidad representa a los asturianos en el Congreso de los Diputados, responsabilidad que ejerce con ganas e ilusi\u00f3n, como lo prueba la gran cantidad de intervenciones parlamentarias realizadas en este mandato. Tras el silencio mantenido por la c\u00fapula del PP [&hellip;]<!-- AddThis Advanced Settings generic via filter on get_the_excerpt --><!-- AddThis Share Buttons generic via filter on get_the_excerpt --><\/p>\n","protected":false},"author":2,"featured_media":0,"comment_status":"open","ping_status":"closed","sticky":false,"template":"","format":"standard","meta":[],"categories":[4],"tags":[],"_links":{"self":[{"href":"https:\/\/blogs.elcomercio.es\/largo_de_cafe\/wp-json\/wp\/v2\/posts\/87"}],"collection":[{"href":"https:\/\/blogs.elcomercio.es\/largo_de_cafe\/wp-json\/wp\/v2\/posts"}],"about":[{"href":"https:\/\/blogs.elcomercio.es\/largo_de_cafe\/wp-json\/wp\/v2\/types\/post"}],"author":[{"embeddable":true,"href":"https:\/\/blogs.elcomercio.es\/largo_de_cafe\/wp-json\/wp\/v2\/users\/2"}],"replies":[{"embeddable":true,"href":"https:\/\/blogs.elcomercio.es\/largo_de_cafe\/wp-json\/wp\/v2\/comments?post=87"}],"version-history":[{"count":0,"href":"https:\/\/blogs.elcomercio.es\/largo_de_cafe\/wp-json\/wp\/v2\/posts\/87\/revisions"}],"wp:attachment":[{"href":"https:\/\/blogs.elcomercio.es\/largo_de_cafe\/wp-json\/wp\/v2\/media?parent=87"}],"wp:term":[{"taxonomy":"category","embeddable":true,"href":"https:\/\/blogs.elcomercio.es\/largo_de_cafe\/wp-json\/wp\/v2\/categories?post=87"},{"taxonomy":"post_tag","embeddable":true,"href":"https:\/\/blogs.elcomercio.es\/largo_de_cafe\/wp-json\/wp\/v2\/tags?post=87"}],"curies":[{"name":"wp","href":"https:\/\/api.w.org\/{rel}","templated":true}]}}