{"id":8760,"date":"2022-11-08T23:38:05","date_gmt":"2022-11-08T22:38:05","guid":{"rendered":"https:\/\/blogs.elcomercio.es\/largo_de_cafe\/?p=8760"},"modified":"2022-11-08T23:38:05","modified_gmt":"2022-11-08T22:38:05","slug":"el-nuevo-ciclo-del-pp","status":"publish","type":"post","link":"https:\/\/blogs.elcomercio.es\/largo_de_cafe\/2022\/11\/08\/el-nuevo-ciclo-del-pp\/","title":{"rendered":"EL NUEVO CICLO DEL PP"},"content":{"rendered":"<p class=\"voc-paragraph\">La dimisi\u00f3n de Teresa Mallada como presidenta del PP pone fin a un ciclo pol\u00edtico iniciado hace cuarenta y seis meses, cuando Pablo Casado viaj\u00f3 a Oviedo para presentarla como flamante candidata a la Presidencia del Principado en los comicios de mayo de 2019.<\/p>\n<p class=\"voc-paragraph\">El acto tuvo lugar el Hotel de la Reconquista. En el escenario se api\u00f1aron Mallada, &#8216;Cherines&#8217;, Casado y Canteli. Las dos lideresas, toc\u00e1ndose los codos, se ignoraron de palabra, mirada y gesto. Nunca estuvieron tan lejos dos personas que estaban tan cerca.<\/p>\n<p class=\"voc-paragraph\">Al tomar la palabra, el presidente no ten\u00eda mucho que decir de la candidata y lo evidenci\u00f3 con una frase profunda, \u00abhablar de Teresa Mallada es hablar de Asturias\u00bb. En otro momento se inspir\u00f3 en el edificio, para decir que \u00abla reconquista del PP se inici\u00f3 en Andaluc\u00eda y acabar\u00e1 en Asturias\u00bb. Es decir, Asturias ser\u00e1 el \u00faltimo basti\u00f3n del PSOE. A eso se llama dar \u00e1nimos.<\/p>\n<p class=\"voc-paragraph\">Para justificar el cambio de &#8216;Cherines&#8217; por Mallada, desde el entorno de Casado se filtr\u00f3 que ten\u00edan una encuesta, seg\u00fan la cual, los electores de Ciudadanos y Foro prefer\u00edan a Mallada. No consta que preguntaran a los electores del PP. Para cualquier observador m\u00ednimamente perspicaz estaba claro que el acto del Reconquista era producto de la improvisaci\u00f3n. El plan A (Carmen Moriy\u00f3n) hab\u00eda fallado y pon\u00edan en escena el plan B.<\/p>\n<p class=\"voc-paragraph\">Dos meses m\u00e1s tarde (5 de marzo) Casado se desplaz\u00f3 a Asturias para presentar al candidato a la Alcald\u00eda de Gij\u00f3n: Alberto L\u00f3pez-Asenjo, exdirector general de Pesca. Desde G\u00e9nova consideraron normal desvelar el nombre del alcaldable solo dos meses antes de empezar la campa\u00f1a electoral.<\/p>\n<p class=\"voc-paragraph\">El 5 de marzo, Casado tuvo un acto en el Calatrava (Oviedo) y, luego, enfil\u00f3 la autopista para presentar en Gij\u00f3n a L\u00f3pez-Asenjo. Cuando iba en el coche coment\u00f3, \u00abno tengo ni idea de qui\u00e9n es el candidato, pero creo que sabe mucho de pesca\u00bb.<\/p>\n<div class=\"voc-detail__cmp voc-detail__cmp--title voc-detail__cmp--no-margin\">\n<h3 class=\"voc-detail__title\">G\u00e9nova<\/h3>\n<\/div>\n<p class=\"voc-paragraph\">De todo lo anterior se extraen dos ense\u00f1anzas. Madrid, la direcci\u00f3n nacional, G\u00e9nova o como se les quiera denominar, no tienen un buen conocimiento de la pol\u00edtica asturiana y de sus protagonistas. Y lo que es peor, tampoco sienten la necesidad de tenerlo. No es una cuesti\u00f3n de soberbia ni de desprecio, sino del escaso inter\u00e9s que despierta Asturias a los dirigentes nacionales del PP. Tienen razones para ello.<\/p>\n<p class=\"voc-paragraph\">En cuarenta a\u00f1os de elecciones auton\u00f3micas, el PP solo gobern\u00f3 tres a\u00f1os. No contabilizo el \u00faltimo de Sergio Marqu\u00e9s porque estaba en el Grupo Mixto. En cuanto a las elecciones generales, nuestra comunidad solo cuenta con siete diputados, de los 350 que forman el Congreso de los Diputados. En la actualidad, el PP tiene un esca\u00f1o asturiano, ocupado por Paloma G\u00e1zquez. Cualquier provincia castellana, por despoblada que est\u00e9, aporta m\u00e1s esca\u00f1os a Feij\u00f3o.<\/p>\n<p class=\"voc-paragraph\">Esta reflexi\u00f3n debe tenerla presente \u00c1lvaro Queipo, secretario general del PP regional y m\u00e1xima autoridad del mismo, tras la dimisi\u00f3n de Mallada. El PP asturiano siempre se movi\u00f3 a remolque de los gobiernos del PP. En la etapa que gobern\u00f3 Aznar, los candidatos se beneficiaban de las actuaciones de Cascos y Rato, los ministros asturianos. En las elecciones generales del a\u00f1o 2000, el PP en Asturias logr\u00f3 el 43,7% de los votos y roz\u00f3 los cinco esca\u00f1os.<\/p>\n<div class=\"voc-detail__cmp voc-detail__cmp--title voc-detail__cmp--no-margin\">\n<h3 class=\"voc-detail__title\">Paraguas<\/h3>\n<\/div>\n<p class=\"voc-paragraph\">En la actualidad el PP regional tiene que ganar por sus propias fuerzas, sin el paraguas de Madrid. A esta realidad debe sumarse otro dato: el candidato no dispondr\u00e1 de balas en la rec\u00e1mara. Lo comprob\u00f3 Mallada, que tras un fracaso en las urnas no tuvo segunda oportunidad. Es cierto que ella cometi\u00f3 muchos errores, siendo el mayor de ellos acumular conflictos en todas las direcciones: Alfredo Canteli, Paloma G\u00e1zquez, Mercedes Fern\u00e1ndez, \u00c1lvaro Queipo, Mariano Mar\u00edn, etc. Y eso que el d\u00eda de la presentaci\u00f3n dijo que iba a utilizar el \u00abdi\u00e1logo como herramienta de trabajo\u00bb.<\/p>\n<p class=\"voc-paragraph\">No obstante, sin el mal resultado en las urnas hubiera tenido una segunda oportunidad. Obtuvo diez diputados, los mismos que P\u00e9rez-Espinosa en 2011, con la diferencia de que cuando Espinosa logr\u00f3 10, Foro sac\u00f3 16, mientras que los 10 de Mallada coincidieron con 2 de Foro. Los votantes desenga\u00f1ados de Cascos rehusaron elegir la papeleta del PP. Ya lo anticipaba aquella encuesta interna de los populares: Mallada era la preferida los electores de Foro. Los mejores sondeos son los encargados por la militancia.<\/p>\n<p class=\"voc-paragraph\">Tras la pac\u00edfica etapa de Ovidio S\u00e1nchez, con el PP gozando del monopolio de la oposici\u00f3n en la Junta General del Principado, y la salida en falso de Gabino de Lorenzo (desastre en las elecciones generales de 2008; un abogado de Madrid, \u00c1lvaro Cuesta, le sac\u00f3 28.000 votos de ventaja), lleg\u00f3 la d\u00e9cada perdida del liderazgo femenino (Espinosa, &#8216;Cherines&#8217;, Mallada). Me atrevo a afirmar que el PP asturiano agot\u00f3 la reserva de derrotas. Quiero decir, que otro batacazo en las urnas y la derecha social buscar\u00e1 otras siglas a las que votar.<\/p>\n<div class=\"voc-detail__cmp voc-detail__cmp--title voc-detail__cmp--no-margin\">\n<h3 class=\"voc-detail__title\">Decisiones<\/h3>\n<\/div>\n<p class=\"voc-paragraph\">En esta coyuntura empieza el nuevo ciclo del PP, que estar\u00e1, en lo org\u00e1nico, liderado por \u00c1lvaro Queipo. Se desconoce si \u00e9l mismo ser\u00e1 tambi\u00e9n candidato electoral o si la falta de previsi\u00f3n de G\u00e9nova conducir\u00e1 al PP regional a la bicefalia.<\/p>\n<p class=\"voc-paragraph\">Queipo y su entorno tienen muy poco tiempo (menos tuvo Mallada). Deben proceder a una m\u00ednima reorganizaci\u00f3n interna y parlamentaria, para alejar el fantasma de la divisi\u00f3n y el cruce de mensajes contradictorios. Lo \u00faltimo que necesita el candidato auton\u00f3mico es que le hagan la cama los de casa.<\/p>\n<!-- AddThis Advanced Settings generic via filter on the_content --><!-- AddThis Share Buttons generic via filter on the_content -->","protected":false},"excerpt":{"rendered":"<p>La dimisi\u00f3n de Teresa Mallada como presidenta del PP pone fin a un ciclo pol\u00edtico iniciado hace cuarenta y seis meses, cuando Pablo Casado viaj\u00f3 a Oviedo para presentarla como flamante candidata a la Presidencia del Principado en los comicios de mayo de 2019. El acto tuvo lugar el Hotel de la Reconquista. En el [&hellip;]<!-- AddThis Advanced Settings generic via filter on get_the_excerpt --><!-- AddThis Share Buttons generic via filter on get_the_excerpt --><\/p>\n","protected":false},"author":2,"featured_media":0,"comment_status":"open","ping_status":"open","sticky":false,"template":"","format":"standard","meta":[],"categories":[1],"tags":[],"_links":{"self":[{"href":"https:\/\/blogs.elcomercio.es\/largo_de_cafe\/wp-json\/wp\/v2\/posts\/8760"}],"collection":[{"href":"https:\/\/blogs.elcomercio.es\/largo_de_cafe\/wp-json\/wp\/v2\/posts"}],"about":[{"href":"https:\/\/blogs.elcomercio.es\/largo_de_cafe\/wp-json\/wp\/v2\/types\/post"}],"author":[{"embeddable":true,"href":"https:\/\/blogs.elcomercio.es\/largo_de_cafe\/wp-json\/wp\/v2\/users\/2"}],"replies":[{"embeddable":true,"href":"https:\/\/blogs.elcomercio.es\/largo_de_cafe\/wp-json\/wp\/v2\/comments?post=8760"}],"version-history":[{"count":1,"href":"https:\/\/blogs.elcomercio.es\/largo_de_cafe\/wp-json\/wp\/v2\/posts\/8760\/revisions"}],"predecessor-version":[{"id":8761,"href":"https:\/\/blogs.elcomercio.es\/largo_de_cafe\/wp-json\/wp\/v2\/posts\/8760\/revisions\/8761"}],"wp:attachment":[{"href":"https:\/\/blogs.elcomercio.es\/largo_de_cafe\/wp-json\/wp\/v2\/media?parent=8760"}],"wp:term":[{"taxonomy":"category","embeddable":true,"href":"https:\/\/blogs.elcomercio.es\/largo_de_cafe\/wp-json\/wp\/v2\/categories?post=8760"},{"taxonomy":"post_tag","embeddable":true,"href":"https:\/\/blogs.elcomercio.es\/largo_de_cafe\/wp-json\/wp\/v2\/tags?post=8760"}],"curies":[{"name":"wp","href":"https:\/\/api.w.org\/{rel}","templated":true}]}}