{"id":8767,"date":"2022-11-13T23:43:46","date_gmt":"2022-11-13T22:43:46","guid":{"rendered":"https:\/\/blogs.elcomercio.es\/largo_de_cafe\/?p=8767"},"modified":"2022-11-13T23:43:46","modified_gmt":"2022-11-13T22:43:46","slug":"primeros-pasos-del-lider","status":"publish","type":"post","link":"https:\/\/blogs.elcomercio.es\/largo_de_cafe\/2022\/11\/13\/primeros-pasos-del-lider\/","title":{"rendered":"PRIMEROS PASOS DEL L\u00cdDER"},"content":{"rendered":"<p class=\"voc-paragraph\">Alvaro Queipo empez\u00f3 a ejercer de l\u00edder del PP con dos reuniones, primero con los acaldes y, luego, con el comit\u00e9 de direcci\u00f3n. El flanco municipal es la mayor debilidad del PP asturiano con s\u00f3lo ocho alcaldes frente a los cincuenta y tres del PSOE. Aunque parezca contradictorio, es en ese sector donde el PP tiene su principal fortaleza institucional: el Ayuntamiento de Oviedo. No es nada extra\u00f1o, lo mismo pasaba en los tiempos en que Gabino de Lorenzo era el regidor de la capital. La opini\u00f3n del alcalde Alfredo Canteli pesa en G\u00e9nova y por eso su apoyo rotundo a \u00c1lvaro Queipo es muy importante para que se afiance en el cargo. Con maneras desenvueltas valid\u00f3 el liderazgo de Queipo: \u00abEs amigo m\u00edo. Lo apoyo a muerte\u00bb. Los pol\u00edticos no hablan as\u00ed, pero Canteli prefiere usar un lenguaje que entiende todo el mundo. El alcalde fue m\u00e1s all\u00e1 y advirti\u00f3 de que \u00abno soy afiliado, pero lo ser\u00e9 cualquier d\u00eda\u00bb. Ante Madrid, puede Queipo apuntarse el tanto de haber preparado el campo para que el alcalde sea militante.<\/p>\n<p class=\"voc-paragraph\">A la reuni\u00f3n del comit\u00e9 de direcci\u00f3n acudi\u00f3 Mallada. Como nos toca avanzar opiniones, sin quedarnos en la mera descripci\u00f3n f\u00edsica de los hechos, creo que la presencia de Mallada entra dentro de la l\u00f3gica. La expresidenta, cuando ley\u00f3 el discurso de despedida, dijo que seguir\u00eda en la Junta General del Principado como portavoz. Una afirmaci\u00f3n audaz porque la portavoc\u00eda no es un cargo de mandato, como el esca\u00f1o, sino que se mantiene o cambia en funci\u00f3n de las circunstancias. Si anunci\u00f3 que seguir\u00eda es porque lo pidi\u00f3 en Madrid y se lo concedieron. Cuando en G\u00e9nova citaron a Queipo para darle las \u00faltimas instrucciones, entre ellas iba la permanencia de Mallada al frente del grupo parlamentario. En la primera rueda de prensa lo corrobor\u00f3: \u00abNo habr\u00e1 cambios\u00bb. Esta an\u00e9cdota ilustra c\u00f3mo se mueven los aparatos de los partidos en Madrid con respecto a la periferia: marcan como objetivo al nuevo l\u00edder ganar las elecciones sin darle medios y oblig\u00e1ndole a respetar ciertas condiciones que le quitan capacidad de maniobra. Sin embargo, si el resultado electoral es malo, toda la culpa es para el l\u00edder que, oficialmente, &#8216;no sirve para nada&#8217;. Mallada cumpli\u00f3 con su parte y asisti\u00f3 a la reuni\u00f3n. Normalidad en el PP: alta integraci\u00f3n. Para que no haya confusi\u00f3n, me apresuro a afirmar que todo esto ocurre tambi\u00e9n en el PSOE. En el resto de partidos todav\u00eda es peor.<\/p>\n<p class=\"voc-paragraph\">De los primeros pasos de Queipo me quedo con el guante que lanz\u00f3 el otro d\u00eda al Gobierno: el peor de la historia. A ver c\u00f3mo encaja la r\u00e9plica.<\/p>\n<!-- AddThis Advanced Settings generic via filter on the_content --><!-- AddThis Share Buttons generic via filter on the_content -->","protected":false},"excerpt":{"rendered":"<p>Alvaro Queipo empez\u00f3 a ejercer de l\u00edder del PP con dos reuniones, primero con los acaldes y, luego, con el comit\u00e9 de direcci\u00f3n. El flanco municipal es la mayor debilidad del PP asturiano con s\u00f3lo ocho alcaldes frente a los cincuenta y tres del PSOE. Aunque parezca contradictorio, es en ese sector donde el PP [&hellip;]<!-- AddThis Advanced Settings generic via filter on get_the_excerpt --><!-- AddThis Share Buttons generic via filter on get_the_excerpt --><\/p>\n","protected":false},"author":2,"featured_media":0,"comment_status":"open","ping_status":"open","sticky":false,"template":"","format":"standard","meta":[],"categories":[1],"tags":[],"_links":{"self":[{"href":"https:\/\/blogs.elcomercio.es\/largo_de_cafe\/wp-json\/wp\/v2\/posts\/8767"}],"collection":[{"href":"https:\/\/blogs.elcomercio.es\/largo_de_cafe\/wp-json\/wp\/v2\/posts"}],"about":[{"href":"https:\/\/blogs.elcomercio.es\/largo_de_cafe\/wp-json\/wp\/v2\/types\/post"}],"author":[{"embeddable":true,"href":"https:\/\/blogs.elcomercio.es\/largo_de_cafe\/wp-json\/wp\/v2\/users\/2"}],"replies":[{"embeddable":true,"href":"https:\/\/blogs.elcomercio.es\/largo_de_cafe\/wp-json\/wp\/v2\/comments?post=8767"}],"version-history":[{"count":1,"href":"https:\/\/blogs.elcomercio.es\/largo_de_cafe\/wp-json\/wp\/v2\/posts\/8767\/revisions"}],"predecessor-version":[{"id":8768,"href":"https:\/\/blogs.elcomercio.es\/largo_de_cafe\/wp-json\/wp\/v2\/posts\/8767\/revisions\/8768"}],"wp:attachment":[{"href":"https:\/\/blogs.elcomercio.es\/largo_de_cafe\/wp-json\/wp\/v2\/media?parent=8767"}],"wp:term":[{"taxonomy":"category","embeddable":true,"href":"https:\/\/blogs.elcomercio.es\/largo_de_cafe\/wp-json\/wp\/v2\/categories?post=8767"},{"taxonomy":"post_tag","embeddable":true,"href":"https:\/\/blogs.elcomercio.es\/largo_de_cafe\/wp-json\/wp\/v2\/tags?post=8767"}],"curies":[{"name":"wp","href":"https:\/\/api.w.org\/{rel}","templated":true}]}}