{"id":8793,"date":"2022-11-23T22:32:48","date_gmt":"2022-11-23T21:32:48","guid":{"rendered":"https:\/\/blogs.elcomercio.es\/largo_de_cafe\/?p=8793"},"modified":"2022-11-23T22:32:48","modified_gmt":"2022-11-23T21:32:48","slug":"de-embajada-a-oficina","status":"publish","type":"post","link":"https:\/\/blogs.elcomercio.es\/largo_de_cafe\/2022\/11\/23\/de-embajada-a-oficina\/","title":{"rendered":"DE EMBAJADA A OFICINA"},"content":{"rendered":"<p class=\"voc-paragraph\">Vuelve a la actualidad la embajada de Asturias en Madrid. La sede comprada por 6,5 millones de euros, en el a\u00f1o 2005, para ser el \u00abescaparate de la regi\u00f3n\u00bb, ha quedado vac\u00eda y se le busca destino. El \u00fanico uso potencial conocido es adecuar el inmueble para convertirlo en oficina econ\u00f3mica y comercial del Principado. Se trata de un compromiso planteado por Ciudadanos para aprobar el presupuesto de 2022. A estas alturas del curso, la partida de 60.000 euros destinada a ese fin est\u00e1 intacta. Las v\u00edas habituales de tratamiento de un inmueble ocioso, venta o alquiler, ya se han intentado sin dar el resultado apetecido. No me extra\u00f1a, ya que la Administraci\u00f3n solo est\u00e1 preparada para sacar fruto de las relaciones con los administrados. Les sabe sacar jugo. Cuando entabla relaciones comerciales con personas, jur\u00eddicas o f\u00edsicas, ajenas a su competencia, el resultado es azaroso, cuando no directamente ruinoso.<\/p>\n<p class=\"voc-paragraph\">La embajada de Asturias en Madrid fue una idea surgida en los a\u00f1os del boom econ\u00f3mico. La d\u00e9cada que precedi\u00f3 a la quiebra de Lehman Brothers ser\u00e1 equiparada por los historiadores a los felices a\u00f1os veinte del siglo pasado. En aquella etapa la Generalitat ten\u00eda embajadas por todo el mapamundi. El Principado, m\u00e1s sobrio, se conform\u00f3 con un inmueble en el centro de Madrid de tres plantas y casi 2.000 metros cuadrados. Cuando gan\u00f3 las elecciones Foro (a\u00f1o 2011), Cascos lo mand\u00f3 cerrar. Para entonces, en el inmueble se hab\u00edan creado diez puestos de trabajo (gente del Idepa, oficina tur\u00edstica, azafatas para la sala de exposiciones). De forma distendida dir\u00e9 que recordaba el viejo chiste de la \u00e9poca del tel\u00f3n de acero: \u00abNosotros hacemos como que trabajamos y ellos hacen como que nos pagan\u00bb. La decisi\u00f3n de Cascos fue la correcta.<\/p>\n<p class=\"voc-paragraph\">Al inmueble ocioso hay que darle una salida. Nada de pensar en llenar los 2.000 metros cuadrados de empleados p\u00fablicos. No se puede convertir en otro motivo para aumentar el gasto corriente: por aqu\u00ed se recupera el Consejo Econ\u00f3mico y Social, por all\u00e1 se encienden las luces en la embajada. Como los funcionarios no saben venderlo se encarga a una empresa del sector que lo haga. Si por alguna raz\u00f3n no se quiere vender y se crea la oficina econ\u00f3mica y comercial que pide Ciudadanos, con una planta va que chuta. Seamos sinceros, en este siglo de internet y con el AVE dando servicio en junio (tras las \u00faltimas palabras de la ministra Raquel S\u00e1nchez, amplio un mes el plazo para no frustrarme), con unos pocos metros cuadrados de moqueta se pueden hacer maravillas.<\/p>\n<!-- AddThis Advanced Settings generic via filter on the_content --><!-- AddThis Share Buttons generic via filter on the_content -->","protected":false},"excerpt":{"rendered":"<p>Vuelve a la actualidad la embajada de Asturias en Madrid. La sede comprada por 6,5 millones de euros, en el a\u00f1o 2005, para ser el \u00abescaparate de la regi\u00f3n\u00bb, ha quedado vac\u00eda y se le busca destino. El \u00fanico uso potencial conocido es adecuar el inmueble para convertirlo en oficina econ\u00f3mica y comercial del Principado. [&hellip;]<!-- AddThis Advanced Settings generic via filter on get_the_excerpt --><!-- AddThis Share Buttons generic via filter on get_the_excerpt --><\/p>\n","protected":false},"author":2,"featured_media":0,"comment_status":"open","ping_status":"open","sticky":false,"template":"","format":"standard","meta":[],"categories":[1],"tags":[],"_links":{"self":[{"href":"https:\/\/blogs.elcomercio.es\/largo_de_cafe\/wp-json\/wp\/v2\/posts\/8793"}],"collection":[{"href":"https:\/\/blogs.elcomercio.es\/largo_de_cafe\/wp-json\/wp\/v2\/posts"}],"about":[{"href":"https:\/\/blogs.elcomercio.es\/largo_de_cafe\/wp-json\/wp\/v2\/types\/post"}],"author":[{"embeddable":true,"href":"https:\/\/blogs.elcomercio.es\/largo_de_cafe\/wp-json\/wp\/v2\/users\/2"}],"replies":[{"embeddable":true,"href":"https:\/\/blogs.elcomercio.es\/largo_de_cafe\/wp-json\/wp\/v2\/comments?post=8793"}],"version-history":[{"count":1,"href":"https:\/\/blogs.elcomercio.es\/largo_de_cafe\/wp-json\/wp\/v2\/posts\/8793\/revisions"}],"predecessor-version":[{"id":8794,"href":"https:\/\/blogs.elcomercio.es\/largo_de_cafe\/wp-json\/wp\/v2\/posts\/8793\/revisions\/8794"}],"wp:attachment":[{"href":"https:\/\/blogs.elcomercio.es\/largo_de_cafe\/wp-json\/wp\/v2\/media?parent=8793"}],"wp:term":[{"taxonomy":"category","embeddable":true,"href":"https:\/\/blogs.elcomercio.es\/largo_de_cafe\/wp-json\/wp\/v2\/categories?post=8793"},{"taxonomy":"post_tag","embeddable":true,"href":"https:\/\/blogs.elcomercio.es\/largo_de_cafe\/wp-json\/wp\/v2\/tags?post=8793"}],"curies":[{"name":"wp","href":"https:\/\/api.w.org\/{rel}","templated":true}]}}