{"id":88,"date":"2007-09-25T00:17:05","date_gmt":"2007-09-25T00:17:05","guid":{"rendered":"http:\/\/blogs.elcomercio.es\/largo_de_cafe\/?p=88"},"modified":"2007-09-25T00:17:05","modified_gmt":"2007-09-25T00:17:05","slug":"renovar-con-ejemplo","status":"publish","type":"post","link":"https:\/\/blogs.elcomercio.es\/largo_de_cafe\/2007\/09\/25\/renovar-con-ejemplo\/","title":{"rendered":"RENOVAR CON EL EJEMPLO"},"content":{"rendered":"<p><strong><br \/>\nEl abandono de Alicia Castro es un gesto personal de dudosa incidencia en la vida del PP asturiano<\/p>\n<p><\/strong><\/p>\n<div style=\"text-align:left\">Para abandonar la vida pol\u00edtica Alicia Castro ha escogido la f\u00f3rmula de la comparecencia ante los medios sin turno para las preguntas. Una declaraci\u00f3n le\u00edda, entre los flash de los fot\u00f3grafos, que es algo as\u00ed como decir adi\u00f3s por fax con derecho a imagen. Se trata de un formato muy c\u00f3modo para el que lo utiliza, porque las insinuaciones no se aclaran y los silencios quedan a medio camino entre la cr\u00edtica velada y el olvido. A partir de esas premisas s\u00f3lo resta el recurso de releer el comunicado para interpretar las causas de la despedida, utilizando como instrumento de an\u00e1lisis la puesta en escena, formada por la presencia de la familia y la ausencia de los compa\u00f1eros de partido.<br \/>\n     En el comunicado, la diputada no dice qu\u00e9 le impulsa a dejar la vida pol\u00edtica, aunque entre la larga lista de agradecimientos ya hay algunas claves que pudieran explicar el inesperado adi\u00f3s. Recuerdos sinceros para la c\u00fapula de su partido (Rajoy, Aznar, Zaplana) y para la base (juntas locales, alcaldes, militantes), y un encendido elogio para dos asturianos (\u00c1lvarez-Cascos y Gabino de Lorenzo). Ni una palabra para la direcci\u00f3n regional del PP, presidida por Ovidio S\u00e1nchez, ni para el grupo parlamentario de la Junta General del Principado, igualmente encabezado por Ovidio. \u00bfUn inoportuno olvido?<br \/>\n     Alicia Castro no explica por qu\u00e9 cambia a los 55 a\u00f1os de actividad, cuando lleva 25 a\u00f1os representando al PP en las instituciones, pero al formular sus mejores deseos, identifica la suerte del PP regional con la \u201cnecesaria renovaci\u00f3n\u201d. Para que las menciones a la renovaci\u00f3n no queden en un sentimiento gen\u00e9rico aplicable a toda organizaci\u00f3n pol\u00edtica, la diputada hace un llamamiento a la responsabilidad de los que perdieron m\u00e1s de una vez en las urnas, para dejar paso a rostros nuevos. \u00bfY los que fueron derrotados en m\u00e1s de dos ocasiones?<br \/>\n     Las emociones y razones del texto de despedida se pod\u00edan interpretar anticipadamente con la informaci\u00f3n que ven\u00eda en la portada de ayer de EL COMERCIO: \u201cAlicia Castro anunciar\u00e1 hoy su negativa a repetir como candidata tras sus discrepancias con Ovidio S\u00e1nchez\u201d. En efecto, no hay un s\u00f3lo agradecimiento para Ovidio y sin embargo le endosa un consejo: que d\u00e9 paso a otros dirigentes tras perder tres veces frente a Areces en las elecciones auton\u00f3micas. Alicia Castro complet\u00f3 la despedida tomando prestada una frase de la \u00faltima comparecencia de \u00c1lvarez-Cascos: \u201cdoy un paso atr\u00e1s\u201d. Su pol\u00edtico asturiano preferido.<br \/>\n     Como la pol\u00edtica es una actividad muy complicada, la primera consecuencia del abandono de Alicia contrar\u00eda sus deseos: el principal candidato para relevarla en el Congreso de los Diputados es el mism\u00edsimo Ovidio S\u00e1nchez. De momento, la renovaci\u00f3n en la C\u00e1mara Baja pudiera pasar por adjudicarle un esca\u00f1o al presidente del PP regional. Si Alicia Castro cre\u00eda que con su renuncia iba a repetir el \u201cefecto Imaz\u201d -dejar la pol\u00edtica arrastrando al rival-, no parece que con Ovidio vaya a logarlo f\u00e1cilmente, porque no tiene ning\u00fan parecido con Egibar. Del presidente del PP regional se podr\u00e1n decir muchas cosas, menos que no sea capaz de esquivar los dardos que le lanzan. Ovidio S\u00e1nchez tiene la propiedad del corcho en el r\u00edo: flota igual con aguas quietas que empujado por los rabiones.<br \/>\n     En pol\u00edtica es muy importante manejar los tiempos y no creo que Alicia Castro haya escogido el mejor momento para decir adi\u00f3s. El PP termina una larga etapa, iniciada en el a\u00f1o 1999 tras la crisis con Marqu\u00e9s, que no ha sido muy brillante. Puede (seguro) que Ovidio S\u00e1nchez tenga una gran responsabilidad en ello, pero con cualquier otro dirigente el resultado final no hubiese sido muy distinto. Hab\u00eda razones objetivas para pronosticar ocho a\u00f1os de vacas flacas para el PP, ya que la actuaci\u00f3n de ese partido con su propio gobierno fue incalificable. El electorado qued\u00f3 muy desenga\u00f1ado, y de ah\u00ed el largo turno de los socialistas. Sin embargo, ahora aparecen nuevos datos que pudieran favorecer el cambio de tendencia.<br \/>\n     En primer lugar est\u00e1 el divorcio regional entre el PSOE e IU, propiciando una legislatura auton\u00f3mica muy distinta de las dos anteriores, una de ellas con mayor\u00eda absoluta socialista y la otra con gobierno de coalici\u00f3n y respaldo mayoritario de la C\u00e1mara. La \u00fanica vez que el PP se hizo con el poder en Asturias (a\u00f1o 1995) las dos fuerzas de izquierda estaban enfrentadas. El otro dato son los pron\u00f3sticos electorales a escala nacional. En todos los sondeos, el PP mejora sus posiciones. Este es el contexto en el que va a tener que desenvolverse el PP regional. En contra de lo que piensan los pol\u00edticos -due\u00f1os absolutos de la escena p\u00fablica-, la suerte de los partidos, gobiernos y oposiciones viene m\u00e1s veces marcada por los dictados de la coyuntura que por sus propios actos.<br \/>\n     Una de las consecuencias de la crisis pol\u00edtica del PP asturiano, al final de la d\u00e9cada de los noventa del siglo pasado, es la descapitalizaci\u00f3n de cuadros. En la organizaci\u00f3n asturiana hay pocos l\u00edderes con tir\u00f3n para encabezar las candidaturas o para liderar la organizaci\u00f3n. El m\u00e1s destacado de todos es \u00c1lvarez-Cascos, pero est\u00e1 retirado de la pol\u00edtica. El segundo puesto es para Gabino de Lorenzo, pero nunca quiso salir de los dominios de Oviedo y no es f\u00e1cil que acepte otro papel que el de alcalde de la capital. La opci\u00f3n de Pilar Fern\u00e1ndez Pardo tendr\u00eda que contar con el visto bueno de Gabino. En cuanto a la vuelta de Rozada, ser\u00eda como el retorno de Felipe Gonz\u00e1lez. Por todo ello, la marcha de Alicia s\u00f3lo garantiza la renovaci\u00f3n de su esca\u00f1o.<br \/>\n     Hasta que no se celebren las elecciones generales faltar\u00e1n datos para saber qu\u00e9 equipo llevar\u00e1 las riendas del PP, aunque cabe ya hacer una consideraci\u00f3n general. En una regi\u00f3n, tradicionalmente de izquierdas, la opci\u00f3n de gobierno del PP pasa por el centro. Tienen que adoptar un discurso menos estridente. Esto no implica rehusar a defender con vehemencia sus estrategias en industria, econom\u00eda, impuestos o medio ambiente. Al contrario, deben explicitar mucho m\u00e1s sus posiciones y dejar de estar a rebufo de los sindicatos mineros. Pero el PP tiene que moderarse, dejar las batallitas internas y los insultos gratis. Cumplida la penitencia, tras tres legislaturas alejados del poder, todo es posible.           <\/p>\n<\/div>\n<!-- AddThis Advanced Settings generic via filter on the_content --><!-- AddThis Share Buttons generic via filter on the_content -->","protected":false},"excerpt":{"rendered":"<p>El abandono de Alicia Castro es un gesto personal de dudosa incidencia en la vida del PP asturiano Para abandonar la vida pol\u00edtica Alicia Castro ha escogido la f\u00f3rmula de la comparecencia ante los medios sin turno para las preguntas. Una declaraci\u00f3n le\u00edda, entre los flash de los fot\u00f3grafos, que es algo as\u00ed como decir [&hellip;]<!-- AddThis Advanced Settings generic via filter on get_the_excerpt --><!-- AddThis Share Buttons generic via filter on get_the_excerpt --><\/p>\n","protected":false},"author":2,"featured_media":0,"comment_status":"open","ping_status":"closed","sticky":false,"template":"","format":"standard","meta":[],"categories":[4],"tags":[],"_links":{"self":[{"href":"https:\/\/blogs.elcomercio.es\/largo_de_cafe\/wp-json\/wp\/v2\/posts\/88"}],"collection":[{"href":"https:\/\/blogs.elcomercio.es\/largo_de_cafe\/wp-json\/wp\/v2\/posts"}],"about":[{"href":"https:\/\/blogs.elcomercio.es\/largo_de_cafe\/wp-json\/wp\/v2\/types\/post"}],"author":[{"embeddable":true,"href":"https:\/\/blogs.elcomercio.es\/largo_de_cafe\/wp-json\/wp\/v2\/users\/2"}],"replies":[{"embeddable":true,"href":"https:\/\/blogs.elcomercio.es\/largo_de_cafe\/wp-json\/wp\/v2\/comments?post=88"}],"version-history":[{"count":0,"href":"https:\/\/blogs.elcomercio.es\/largo_de_cafe\/wp-json\/wp\/v2\/posts\/88\/revisions"}],"wp:attachment":[{"href":"https:\/\/blogs.elcomercio.es\/largo_de_cafe\/wp-json\/wp\/v2\/media?parent=88"}],"wp:term":[{"taxonomy":"category","embeddable":true,"href":"https:\/\/blogs.elcomercio.es\/largo_de_cafe\/wp-json\/wp\/v2\/categories?post=88"},{"taxonomy":"post_tag","embeddable":true,"href":"https:\/\/blogs.elcomercio.es\/largo_de_cafe\/wp-json\/wp\/v2\/tags?post=88"}],"curies":[{"name":"wp","href":"https:\/\/api.w.org\/{rel}","templated":true}]}}