{"id":8950,"date":"2023-02-01T22:13:34","date_gmt":"2023-02-01T21:13:34","guid":{"rendered":"https:\/\/blogs.elcomercio.es\/largo_de_cafe\/?p=8950"},"modified":"2023-02-01T22:13:34","modified_gmt":"2023-02-01T21:13:34","slug":"la-vuelta-al-trabajo","status":"publish","type":"post","link":"https:\/\/blogs.elcomercio.es\/largo_de_cafe\/2023\/02\/01\/la-vuelta-al-trabajo\/","title":{"rendered":"LA VUELTA AL TRABAJO"},"content":{"rendered":"<p class=\"voc-paragraph\">Se acabaron las vacaciones de Navidad a los diputados de la Junta General del Principado. Pudieron disfrutar en la primera quincena de enero de un tiempo espl\u00e9ndido, apto para solazarse en terrazas o hacer un viaje tur\u00edstico con los hoteles en temporada baja. En la segunda quincena la lluvia chaf\u00f3 los planes, pero pudieron gozar del mayor placer de las vacaciones: ponerse a dormir sin activar la alarma del m\u00f3vil. Disponer de todo el mes de enero para el asueto, sin renunciar a las vacaciones de verano, es un derecho que ning\u00fan otro colectivo en activo posee. Hay que rese\u00f1ar que el grupo parlamentario socialista quer\u00eda haber declarado el mes de enero apto para trabajar (hay atasco de leyes en tramitaci\u00f3n), pero se qued\u00f3 en minor\u00eda. Se impuso respetar el letargo, que se avecina una campa\u00f1a electoral de lo m\u00e1s estresante.<\/p>\n<p class=\"voc-paragraph\">La oposici\u00f3n festeja la vuelta a la labor con una bater\u00eda de preguntas sobre los retrasos de la variante de Pajares al Principado. Hay una tendencia a plantear exigencias a los gobiernos sobre asuntos que no son de su competencia. Hasta el m\u00e1s despistado de nuestros diputados auton\u00f3micos sabe que la variante de Pajares, como cualquier infraestructura de dimensi\u00f3n nacional, corresponde construir, mantener o clausurar al Gobierno de Espa\u00f1a, en este caso al Ministerio de Transportes. Paloma G\u00e1zquez (PP), miembro del Congreso de los Diputados, ya registr\u00f3 una serie de preguntas al Gobierno sobre los nuevos plazos de la variante de Pajares y el tiempo de duraci\u00f3n del viaje de Madrid a Oviedo. Lo mismo hizo Jos\u00e9 Mar\u00eda Figaredo (Vox); por su parte, Mart\u00ednez Oblanca (Foro) interpel\u00f3 al presidente S\u00e1nchez sobre esta cuesti\u00f3n. No tengo conocimiento de que los diputados nacionales de los tres grupos de izquierda hayan hecho lo mismo en el Congreso de Diputados. Qu\u00e9 curioso. Sin embargo, en la Junta General del Principado exigen exhaustivas explicaciones a quien no tiene competencia para darlas.<\/p>\n<p class=\"voc-paragraph\">Muy llamativas me parecieron las preguntas registradas por Podemos en la C\u00e1mara asturiana. Instan al Principado a auditar la variante de Pajares para tener una visi\u00f3n adecuada del estado de la obra. Tambi\u00e9n piden una comisi\u00f3n de investigaci\u00f3n sobre los sobrecostes. Podemos tiene tres ministros y una treintena de diputados en Madrid. Ni los ministros dicen nada ni los diputados preguntan sobre la cuesti\u00f3n, pero, seg\u00fan ellos, le toca a Barb\u00f3n auditar la obra y montar una comisi\u00f3n de investigaci\u00f3n, llamada a hacer el m\u00e1s espantoso de los rid\u00edculos.<\/p>\n<!-- AddThis Advanced Settings generic via filter on the_content --><!-- AddThis Share Buttons generic via filter on the_content -->","protected":false},"excerpt":{"rendered":"<p>Se acabaron las vacaciones de Navidad a los diputados de la Junta General del Principado. Pudieron disfrutar en la primera quincena de enero de un tiempo espl\u00e9ndido, apto para solazarse en terrazas o hacer un viaje tur\u00edstico con los hoteles en temporada baja. En la segunda quincena la lluvia chaf\u00f3 los planes, pero pudieron gozar [&hellip;]<!-- AddThis Advanced Settings generic via filter on get_the_excerpt --><!-- AddThis Share Buttons generic via filter on get_the_excerpt --><\/p>\n","protected":false},"author":2,"featured_media":0,"comment_status":"open","ping_status":"open","sticky":false,"template":"","format":"standard","meta":[],"categories":[1],"tags":[],"_links":{"self":[{"href":"https:\/\/blogs.elcomercio.es\/largo_de_cafe\/wp-json\/wp\/v2\/posts\/8950"}],"collection":[{"href":"https:\/\/blogs.elcomercio.es\/largo_de_cafe\/wp-json\/wp\/v2\/posts"}],"about":[{"href":"https:\/\/blogs.elcomercio.es\/largo_de_cafe\/wp-json\/wp\/v2\/types\/post"}],"author":[{"embeddable":true,"href":"https:\/\/blogs.elcomercio.es\/largo_de_cafe\/wp-json\/wp\/v2\/users\/2"}],"replies":[{"embeddable":true,"href":"https:\/\/blogs.elcomercio.es\/largo_de_cafe\/wp-json\/wp\/v2\/comments?post=8950"}],"version-history":[{"count":1,"href":"https:\/\/blogs.elcomercio.es\/largo_de_cafe\/wp-json\/wp\/v2\/posts\/8950\/revisions"}],"predecessor-version":[{"id":8951,"href":"https:\/\/blogs.elcomercio.es\/largo_de_cafe\/wp-json\/wp\/v2\/posts\/8950\/revisions\/8951"}],"wp:attachment":[{"href":"https:\/\/blogs.elcomercio.es\/largo_de_cafe\/wp-json\/wp\/v2\/media?parent=8950"}],"wp:term":[{"taxonomy":"category","embeddable":true,"href":"https:\/\/blogs.elcomercio.es\/largo_de_cafe\/wp-json\/wp\/v2\/categories?post=8950"},{"taxonomy":"post_tag","embeddable":true,"href":"https:\/\/blogs.elcomercio.es\/largo_de_cafe\/wp-json\/wp\/v2\/tags?post=8950"}],"curies":[{"name":"wp","href":"https:\/\/api.w.org\/{rel}","templated":true}]}}