{"id":8954,"date":"2023-02-04T00:01:24","date_gmt":"2023-02-03T23:01:24","guid":{"rendered":"https:\/\/blogs.elcomercio.es\/largo_de_cafe\/?p=8954"},"modified":"2023-02-04T00:01:24","modified_gmt":"2023-02-03T23:01:24","slug":"apuntes-del-programa","status":"publish","type":"post","link":"https:\/\/blogs.elcomercio.es\/largo_de_cafe\/2023\/02\/04\/apuntes-del-programa\/","title":{"rendered":"APUNTES DEL PROGRAMA"},"content":{"rendered":"<p class=\"voc-paragraph\">Diego Canga present\u00f3 parte del contenido del programa electoral del PP en un encuentro con mujeres empresarias y directivas. Son muchas medidas para un solo comentario, as\u00ed que destacar\u00e9 algunas de ellas.<\/p>\n<p class=\"voc-paragraph\">En materia fiscal propone deflactar el IRPF para personas con ingresos por debajo de los 30.000 euros. Ya lo hicieron otras comunidades del PP y del PSOE. Es una medida l\u00f3gica y justa para personas con ingresos muy limitados. Plantea bonificar el Impuesto de Sucesiones; dado que Asturias es una de las regiones donde m\u00e1s se paga por heredar, la bonificaci\u00f3n es una demanda social. Quiere suprimir el Impuesto de Patrimonio. \u00danicamente lo eliminaron en Madrid y Andaluc\u00eda; la Galicia de Feij\u00f3o solo lo bonific\u00f3 en el 25%. Zapatero lo quit\u00f3 en 2008 y Rajoy lo recuper\u00f3 en 2011. Una vez deflactado el IRPF y bonificado Sucesiones, antes de suprimir m\u00e1s tributos hay que aplicar una rebaja del gasto que vaya m\u00e1s all\u00e1 de prescindir de los asesores de Barb\u00f3n. En caso contrario, la supresi\u00f3n de los impuestos generar\u00eda deuda (entre Patrimonio y Transmisiones se recaudan m\u00e1s de 250 millones), un mal muy superior al bien que se quiere procurar.<\/p>\n<p class=\"voc-paragraph\">Para que las mujeres puedan conciliar propone algunos asuntos que hay que pulir. Los colegios dar\u00e1n clases hasta las dos de la tarde. Bien, pero entonces tendr\u00e1n que madrugar y entrar antes porque no est\u00e1 la educaci\u00f3n asturiana -y espa\u00f1ola- como para perder horas. Canga plantea una red de guarder\u00edas cercanas a los pol\u00edgonos industriales. Esta medida estaba ya en el Acuerdo para la Competitividad, el Empleo y el Bienestar de Asturias (ACEBA, p\u00e1gina 99), pactado por CC OO y UGT con FADE para el periodo 2008-2011. No creo que haya m\u00e1s de 5.000 mujeres trabajando en la actualidad en los pol\u00edgonos industriales. Es mucho m\u00e1s \u00fatil acercar las guarder\u00edas al sector servicios donde trabajan m\u00e1s de 150.000. Es decir, en las ciudades.<\/p>\n<p class=\"voc-paragraph\">Sobre el personal de la Administraci\u00f3n el candidato del PP plantea un examen para los altos cargos, que incluir\u00e1 test psicot\u00e9cnico. Quiere \u00abacabar con el dedazo\u00bb, ya que \u00abno quiere cambiar amiguetes del PSOE por amiguetes del PP\u00bb. Prefiere prescindir de asesores para invertir ese dinero en I+D. Sin embargo, anuncia que \u00abme voy a rodear de gente muy buena, unas 200 personas, que ser\u00e1n la c\u00fapula real para cambiar Asturias\u00bb. Vamos a ver. Si esa gente trabaja de verdad hay que pagarle un sueldo y el presupuesto se dispara. Si solo son diletantes, el cambio tendr\u00e1 que venir por otra v\u00eda. Espero que solo sea un borrador.<\/p>\n<!-- AddThis Advanced Settings generic via filter on the_content --><!-- AddThis Share Buttons generic via filter on the_content -->","protected":false},"excerpt":{"rendered":"<p>Diego Canga present\u00f3 parte del contenido del programa electoral del PP en un encuentro con mujeres empresarias y directivas. Son muchas medidas para un solo comentario, as\u00ed que destacar\u00e9 algunas de ellas. En materia fiscal propone deflactar el IRPF para personas con ingresos por debajo de los 30.000 euros. Ya lo hicieron otras comunidades del [&hellip;]<!-- AddThis Advanced Settings generic via filter on get_the_excerpt --><!-- AddThis Share Buttons generic via filter on get_the_excerpt --><\/p>\n","protected":false},"author":2,"featured_media":0,"comment_status":"open","ping_status":"open","sticky":false,"template":"","format":"standard","meta":[],"categories":[1],"tags":[],"_links":{"self":[{"href":"https:\/\/blogs.elcomercio.es\/largo_de_cafe\/wp-json\/wp\/v2\/posts\/8954"}],"collection":[{"href":"https:\/\/blogs.elcomercio.es\/largo_de_cafe\/wp-json\/wp\/v2\/posts"}],"about":[{"href":"https:\/\/blogs.elcomercio.es\/largo_de_cafe\/wp-json\/wp\/v2\/types\/post"}],"author":[{"embeddable":true,"href":"https:\/\/blogs.elcomercio.es\/largo_de_cafe\/wp-json\/wp\/v2\/users\/2"}],"replies":[{"embeddable":true,"href":"https:\/\/blogs.elcomercio.es\/largo_de_cafe\/wp-json\/wp\/v2\/comments?post=8954"}],"version-history":[{"count":1,"href":"https:\/\/blogs.elcomercio.es\/largo_de_cafe\/wp-json\/wp\/v2\/posts\/8954\/revisions"}],"predecessor-version":[{"id":8955,"href":"https:\/\/blogs.elcomercio.es\/largo_de_cafe\/wp-json\/wp\/v2\/posts\/8954\/revisions\/8955"}],"wp:attachment":[{"href":"https:\/\/blogs.elcomercio.es\/largo_de_cafe\/wp-json\/wp\/v2\/media?parent=8954"}],"wp:term":[{"taxonomy":"category","embeddable":true,"href":"https:\/\/blogs.elcomercio.es\/largo_de_cafe\/wp-json\/wp\/v2\/categories?post=8954"},{"taxonomy":"post_tag","embeddable":true,"href":"https:\/\/blogs.elcomercio.es\/largo_de_cafe\/wp-json\/wp\/v2\/tags?post=8954"}],"curies":[{"name":"wp","href":"https:\/\/api.w.org\/{rel}","templated":true}]}}