{"id":8956,"date":"2023-02-04T21:23:47","date_gmt":"2023-02-04T20:23:47","guid":{"rendered":"https:\/\/blogs.elcomercio.es\/largo_de_cafe\/?p=8956"},"modified":"2023-02-04T21:23:47","modified_gmt":"2023-02-04T20:23:47","slug":"trabas-y-bloqueos","status":"publish","type":"post","link":"https:\/\/blogs.elcomercio.es\/largo_de_cafe\/2023\/02\/04\/trabas-y-bloqueos\/","title":{"rendered":"TRABAS Y BLOQUEOS"},"content":{"rendered":"<p class=\"voc-paragraph\">En el tiempo que va desde hoy hasta el \u00faltimo pleno parlamentario de la legislatura (28,29 de marzo), Gobierno y grupos parlamentarios pelear\u00e1n por aprobar o aparcar las leyes que se est\u00e1n tramitando. Para los socialistas es fundamental aprobar la Ley de Empleo P\u00fablico y la Ley de Calidad Ambiental, ya que con ambas aspiran a reformar la Administraci\u00f3n auton\u00f3mica. Los grupos a la izquierda del PSOE (IU y Podemos) intentar\u00e1n que no salga adelante la Ley de Calidad Ambiental. El portavoz podemita lo expres\u00f3 de manera rotunda: \u00abVamos a hacer todo lo posible para que la Ley de Calidad Ambiental no se apruebe en este mandato\u00bb. No aclar\u00f3 lo que quer\u00eda decir con &#8216;hacer todo lo posible&#8217;. El pasado a\u00f1o, cuando estaba sobre la mesa la aprobaci\u00f3n del r\u00e9gimen triling\u00fce (castellano, bable, eonaviego), Rafael Palacios lleg\u00f3 a ofrecer al diputado de Foro la bajada de impuestos. Menos mal que IU rompi\u00f3 la baraja, al parecerle una barbaridad oficializar lenguas con el anzuelo de las concesiones ideol\u00f3gicas.<\/p>\n<p class=\"voc-paragraph\">Es inexplicable que dos proyectos de normas registrados (Empleo y Calidad Ambiental) hace once meses est\u00e9n todav\u00eda a medio tramitar. No creo que sean los funcionarios, en este caso, los responsables de la lentitud en la aprobaci\u00f3n. Si por alg\u00fan casual gana el pulso Podemos y se consume el tiempo que resta del mandato sin sancionar estas normas, ser\u00eda un fracaso tremendo del Gobierno y del grupo parlamentario socialista. Recordemos que fue Adri\u00e1n Barb\u00f3n el que lanz\u00f3 la propuesta de reformar la Administraci\u00f3n, encargando la tarea a Juan Cofi\u00f1o. El vicepresidente hizo el trabajo, pero entre los anquilosados procedimientos administrativos y parlamentarios y las ma\u00f1as de la correosa oposici\u00f3n, resulta que puede quedar bloqueado.<\/p>\n<p class=\"voc-paragraph\">Los problemas en la sanidad, en los proyectos que aspiran a contar con la financiaci\u00f3n de los fondos europeos, en las subvenciones para las viviendas, en la luz verde a los parques e\u00f3licos o en las tramitaciones de leyes en la Junta General del Principado, residen en una falta de adecuaci\u00f3n de la Administraci\u00f3n y las instituciones a las necesidades de los agentes econ\u00f3micos y de los ciudadanos. Por los tortuosos procedimientos administrativos se queda gran parte del presupuesto del Principado sin ejecutar. Ni se hacen leyes ni se gastan las partidas. No cabe resignarse ante tama\u00f1o espect\u00e1culo. Otra legislatura con las manos atadas degradar\u00eda el clima pol\u00edtico y desesperar\u00eda al personal. Cuando las instituciones no funcionan hay crisis.<\/p>\n<!-- AddThis Advanced Settings generic via filter on the_content --><!-- AddThis Share Buttons generic via filter on the_content -->","protected":false},"excerpt":{"rendered":"<p>En el tiempo que va desde hoy hasta el \u00faltimo pleno parlamentario de la legislatura (28,29 de marzo), Gobierno y grupos parlamentarios pelear\u00e1n por aprobar o aparcar las leyes que se est\u00e1n tramitando. Para los socialistas es fundamental aprobar la Ley de Empleo P\u00fablico y la Ley de Calidad Ambiental, ya que con ambas aspiran [&hellip;]<!-- AddThis Advanced Settings generic via filter on get_the_excerpt --><!-- AddThis Share Buttons generic via filter on get_the_excerpt --><\/p>\n","protected":false},"author":2,"featured_media":0,"comment_status":"open","ping_status":"open","sticky":false,"template":"","format":"standard","meta":[],"categories":[1],"tags":[],"_links":{"self":[{"href":"https:\/\/blogs.elcomercio.es\/largo_de_cafe\/wp-json\/wp\/v2\/posts\/8956"}],"collection":[{"href":"https:\/\/blogs.elcomercio.es\/largo_de_cafe\/wp-json\/wp\/v2\/posts"}],"about":[{"href":"https:\/\/blogs.elcomercio.es\/largo_de_cafe\/wp-json\/wp\/v2\/types\/post"}],"author":[{"embeddable":true,"href":"https:\/\/blogs.elcomercio.es\/largo_de_cafe\/wp-json\/wp\/v2\/users\/2"}],"replies":[{"embeddable":true,"href":"https:\/\/blogs.elcomercio.es\/largo_de_cafe\/wp-json\/wp\/v2\/comments?post=8956"}],"version-history":[{"count":1,"href":"https:\/\/blogs.elcomercio.es\/largo_de_cafe\/wp-json\/wp\/v2\/posts\/8956\/revisions"}],"predecessor-version":[{"id":8958,"href":"https:\/\/blogs.elcomercio.es\/largo_de_cafe\/wp-json\/wp\/v2\/posts\/8956\/revisions\/8958"}],"wp:attachment":[{"href":"https:\/\/blogs.elcomercio.es\/largo_de_cafe\/wp-json\/wp\/v2\/media?parent=8956"}],"wp:term":[{"taxonomy":"category","embeddable":true,"href":"https:\/\/blogs.elcomercio.es\/largo_de_cafe\/wp-json\/wp\/v2\/categories?post=8956"},{"taxonomy":"post_tag","embeddable":true,"href":"https:\/\/blogs.elcomercio.es\/largo_de_cafe\/wp-json\/wp\/v2\/tags?post=8956"}],"curies":[{"name":"wp","href":"https:\/\/api.w.org\/{rel}","templated":true}]}}