{"id":8959,"date":"2023-02-06T23:54:04","date_gmt":"2023-02-06T22:54:04","guid":{"rendered":"https:\/\/blogs.elcomercio.es\/largo_de_cafe\/?p=8959"},"modified":"2023-02-06T23:54:04","modified_gmt":"2023-02-06T22:54:04","slug":"tellado-y-canga","status":"publish","type":"post","link":"https:\/\/blogs.elcomercio.es\/largo_de_cafe\/2023\/02\/06\/tellado-y-canga\/","title":{"rendered":"TELLADO Y CANGA"},"content":{"rendered":"<p class=\"voc-paragraph\">Miguel Tellado, secretario de Organizaci\u00f3n del PP y n\u00famero cuatro en la jerarqu\u00eda del partido, visit\u00f3 Asturias dentro de una gira por Espa\u00f1a para preparar la campa\u00f1a electoral y respaldar a los candidatos. En seguida despej\u00f3 dudas: \u00abNos presentaremos con nuestras propias siglas\u00bb. El PP y el PSOE concurren siempre con sus siglas. En el caso de los populares la excepci\u00f3n estuvo en Navarra y Asturias. En Navarra, como Uni\u00f3n del Pueblo Navarro es un partido mayoritario se entiende la alianza. En Asturias, la coalici\u00f3n se hizo con Foro para elecciones generales. Los resultados de Foro en los \u00faltimos ocho a\u00f1os, en todo tipo de comicios, demuestran que fue el gran beneficiado con la entente. Es l\u00f3gico que el PP no quiera trasladar ese tipo de acuerdos a los comicios auton\u00f3micos. Sobre coaliciones y pactos, Tellado no dio ninguna otra consigna, dejando en manos de Diego Canga la potestad de hacer listas electorales y acuerdos con otros grupos. Cada partido tiene su librillo. En otras formaciones las decisiones sobre listas y coaliciones corresponden a la direcci\u00f3n del partido. En el PP no es as\u00ed. Tellado lo expres\u00f3 de forma clara: \u00abYo vengo aqu\u00ed a apoyar el proyecto de Feij\u00f3o en Asturias y Diego Canga es el representante de Feij\u00f3o en Asturias\u00bb. La direcci\u00f3n regional del partido no puede condicionar, limitar o contradecir sus decisiones.<\/p>\n<p class=\"voc-paragraph\">Parte de su comparecencia ante los medios la emple\u00f3 en defender a Diego Canga de las cr\u00edticas recibidas del PSOE, centradas en su desconocimiento de la realidad asturiana e inexperiencia. Tellado afirm\u00f3 que el candidato tiene \u00abuna hoja de servicios a Asturias sin estar en Asturias\u00bb, aludiendo impl\u00edcitamente a gestiones realizadas por Canga, desde Bruselas, sobre expedientes industriales (Tenneco). En cuanto a la supuesta inexperiencia, afirm\u00f3 que \u00abviene a la pol\u00edtica perfectamente aprendido\u00bb. En este punto me extra\u00f1a que ni la gente del PP ni el propio Canga hayan remarcado suficientemente un dato fundamental: fue jefe de Gabinete de Tajani, cuando era comisario de Industria y presidente del Parlamento europeo. Un jefe de gabinete solo es \u00fatil si entiende de pol\u00edtica. \u00bfAlguien dudar\u00eda de que \u00d3scar L\u00f3pez, director de Gabinete de Pedro S\u00e1nchez, es un pol\u00edtico como la copa de un pino?<\/p>\n<p class=\"voc-paragraph\">De cara a las elecciones, Tellado afirm\u00f3 que \u00abhay una tendencia al alza (encuestas) que si contin\u00faa nos puede llevar a la victoria\u00bb. Es decir, el PSOE lidera las encuestas encargadas por el propio PP, pero la distancia se acorta, as\u00ed que hay partido.<\/p>\n<!-- AddThis Advanced Settings generic via filter on the_content --><!-- AddThis Share Buttons generic via filter on the_content -->","protected":false},"excerpt":{"rendered":"<p>Miguel Tellado, secretario de Organizaci\u00f3n del PP y n\u00famero cuatro en la jerarqu\u00eda del partido, visit\u00f3 Asturias dentro de una gira por Espa\u00f1a para preparar la campa\u00f1a electoral y respaldar a los candidatos. En seguida despej\u00f3 dudas: \u00abNos presentaremos con nuestras propias siglas\u00bb. El PP y el PSOE concurren siempre con sus siglas. En el [&hellip;]<!-- AddThis Advanced Settings generic via filter on get_the_excerpt --><!-- AddThis Share Buttons generic via filter on get_the_excerpt --><\/p>\n","protected":false},"author":2,"featured_media":0,"comment_status":"open","ping_status":"open","sticky":false,"template":"","format":"standard","meta":[],"categories":[1],"tags":[],"_links":{"self":[{"href":"https:\/\/blogs.elcomercio.es\/largo_de_cafe\/wp-json\/wp\/v2\/posts\/8959"}],"collection":[{"href":"https:\/\/blogs.elcomercio.es\/largo_de_cafe\/wp-json\/wp\/v2\/posts"}],"about":[{"href":"https:\/\/blogs.elcomercio.es\/largo_de_cafe\/wp-json\/wp\/v2\/types\/post"}],"author":[{"embeddable":true,"href":"https:\/\/blogs.elcomercio.es\/largo_de_cafe\/wp-json\/wp\/v2\/users\/2"}],"replies":[{"embeddable":true,"href":"https:\/\/blogs.elcomercio.es\/largo_de_cafe\/wp-json\/wp\/v2\/comments?post=8959"}],"version-history":[{"count":1,"href":"https:\/\/blogs.elcomercio.es\/largo_de_cafe\/wp-json\/wp\/v2\/posts\/8959\/revisions"}],"predecessor-version":[{"id":8960,"href":"https:\/\/blogs.elcomercio.es\/largo_de_cafe\/wp-json\/wp\/v2\/posts\/8959\/revisions\/8960"}],"wp:attachment":[{"href":"https:\/\/blogs.elcomercio.es\/largo_de_cafe\/wp-json\/wp\/v2\/media?parent=8959"}],"wp:term":[{"taxonomy":"category","embeddable":true,"href":"https:\/\/blogs.elcomercio.es\/largo_de_cafe\/wp-json\/wp\/v2\/categories?post=8959"},{"taxonomy":"post_tag","embeddable":true,"href":"https:\/\/blogs.elcomercio.es\/largo_de_cafe\/wp-json\/wp\/v2\/tags?post=8959"}],"curies":[{"name":"wp","href":"https:\/\/api.w.org\/{rel}","templated":true}]}}