{"id":8961,"date":"2023-02-06T23:55:51","date_gmt":"2023-02-06T22:55:51","guid":{"rendered":"https:\/\/blogs.elcomercio.es\/largo_de_cafe\/?p=8961"},"modified":"2023-02-06T23:55:51","modified_gmt":"2023-02-06T22:55:51","slug":"al-servicio-de-lo-publico","status":"publish","type":"post","link":"https:\/\/blogs.elcomercio.es\/largo_de_cafe\/2023\/02\/06\/al-servicio-de-lo-publico\/","title":{"rendered":"AL SERVICIO DE LO P\u00daBLICO"},"content":{"rendered":"<p class=\"voc-paragraph\">Juan Velarde Fuertes ten\u00eda una s\u00f3lida formaci\u00f3n intelectual y una permanente vocaci\u00f3n de servicio a la sociedad. Inspector de Trabajo (n\u00famero uno de su promoci\u00f3n) y catedr\u00e1tico de Estructura Econ\u00f3mica, era capaz de convertir cualquier conversaci\u00f3n en una clase magistral sobre los m\u00e1s variados asuntos culturales. Su facilidad para abarcar cuestiones dispares, como la econom\u00eda o el arte, lo convert\u00edan en un generalista, especie de intelectual de la que ya no quedan ejemplares. Su principal preocupaci\u00f3n era instruir a la sociedad sobre la econom\u00eda, una ciencia moderna -form\u00f3 parte de la primera hornada de economistas en Espa\u00f1a- que busca aportar racionalidad en las decisiones individuales y colectivas sobre inversi\u00f3n, consumo, ahorro, etc\u00e9tera. Ese af\u00e1n de ense\u00f1anza lo emparentaba, medio siglo m\u00e1s tarde, con el esp\u00edritu del regeneracionismo.<\/p>\n<p class=\"voc-paragraph\">A diferencia de Francia, en Espa\u00f1a, durante la segunda mitad del siglo XX, las principales figuras del pensamiento econ\u00f3mico participaban de los mismos paradigmas, de forma que pudieron influir en la pol\u00edtica, cada uno desde su tribuna, en favor de la liberalizaci\u00f3n de la econom\u00eda y el equilibrio fiscal. Fruto de esa voluntad de extender el conocimiento colabor\u00f3 desde los a\u00f1os cincuenta con diversas publicaciones. La vertiente generalista y publicista no rest\u00f3 un \u00e1pice de rigor a su labor como profesor de Econom\u00eda de la Universidad Complutense de Madrid, autor de una cincuentena de libros que le llevaron a recibir multitud de premios, entre ellos, el Pr\u00edncipe de Asturias de Ciencias Sociales en 1992. Siempre trabaj\u00f3 desde dentro del sistema, pero con un claro sesgo reformista que le llev\u00f3 a impulsar la creaci\u00f3n del Salario M\u00ednimo Interprofesional, en los a\u00f1os sesenta, figura que a d\u00eda de hoy todav\u00eda no existe en pa\u00edses como Italia, Austria, Suecia o Finlandia.<\/p>\n<p class=\"voc-paragraph\">Asturiano en Madrid y, por tanto, con la mirada puesta en el norte, fue una figura clave para promover los Cursos de La Granda en la transici\u00f3n, junto con L\u00f3pez-Cuesta y Enrique Fuentes Quintana. Fueron los precursores de tantas escuelas de verano de las universidades espa\u00f1olas. La calidad de los ponentes (m\u00e1s de 2.400), entre los que hubo dos premios Nobel (Severo Ochoa y Harald zur Hausen), y el ambiente sosegado en La Granda, alejado de los centros urbanos, convirti\u00f3 la iniciativa de Velarde en una de las principales actividades culturales de Asturias en la democracia. Se despide a los 95 a\u00f1os un intelectual que solo se movi\u00f3 por el inter\u00e9s p\u00fablico.<\/p>\n<!-- AddThis Advanced Settings generic via filter on the_content --><!-- AddThis Share Buttons generic via filter on the_content -->","protected":false},"excerpt":{"rendered":"<p>Juan Velarde Fuertes ten\u00eda una s\u00f3lida formaci\u00f3n intelectual y una permanente vocaci\u00f3n de servicio a la sociedad. Inspector de Trabajo (n\u00famero uno de su promoci\u00f3n) y catedr\u00e1tico de Estructura Econ\u00f3mica, era capaz de convertir cualquier conversaci\u00f3n en una clase magistral sobre los m\u00e1s variados asuntos culturales. Su facilidad para abarcar cuestiones dispares, como la econom\u00eda [&hellip;]<!-- AddThis Advanced Settings generic via filter on get_the_excerpt --><!-- AddThis Share Buttons generic via filter on get_the_excerpt --><\/p>\n","protected":false},"author":2,"featured_media":0,"comment_status":"open","ping_status":"open","sticky":false,"template":"","format":"standard","meta":[],"categories":[1],"tags":[],"_links":{"self":[{"href":"https:\/\/blogs.elcomercio.es\/largo_de_cafe\/wp-json\/wp\/v2\/posts\/8961"}],"collection":[{"href":"https:\/\/blogs.elcomercio.es\/largo_de_cafe\/wp-json\/wp\/v2\/posts"}],"about":[{"href":"https:\/\/blogs.elcomercio.es\/largo_de_cafe\/wp-json\/wp\/v2\/types\/post"}],"author":[{"embeddable":true,"href":"https:\/\/blogs.elcomercio.es\/largo_de_cafe\/wp-json\/wp\/v2\/users\/2"}],"replies":[{"embeddable":true,"href":"https:\/\/blogs.elcomercio.es\/largo_de_cafe\/wp-json\/wp\/v2\/comments?post=8961"}],"version-history":[{"count":1,"href":"https:\/\/blogs.elcomercio.es\/largo_de_cafe\/wp-json\/wp\/v2\/posts\/8961\/revisions"}],"predecessor-version":[{"id":8962,"href":"https:\/\/blogs.elcomercio.es\/largo_de_cafe\/wp-json\/wp\/v2\/posts\/8961\/revisions\/8962"}],"wp:attachment":[{"href":"https:\/\/blogs.elcomercio.es\/largo_de_cafe\/wp-json\/wp\/v2\/media?parent=8961"}],"wp:term":[{"taxonomy":"category","embeddable":true,"href":"https:\/\/blogs.elcomercio.es\/largo_de_cafe\/wp-json\/wp\/v2\/categories?post=8961"},{"taxonomy":"post_tag","embeddable":true,"href":"https:\/\/blogs.elcomercio.es\/largo_de_cafe\/wp-json\/wp\/v2\/tags?post=8961"}],"curies":[{"name":"wp","href":"https:\/\/api.w.org\/{rel}","templated":true}]}}