{"id":8967,"date":"2023-02-09T21:35:31","date_gmt":"2023-02-09T20:35:31","guid":{"rendered":"https:\/\/blogs.elcomercio.es\/largo_de_cafe\/?p=8967"},"modified":"2023-02-09T21:35:31","modified_gmt":"2023-02-09T20:35:31","slug":"jugar-con-fuego","status":"publish","type":"post","link":"https:\/\/blogs.elcomercio.es\/largo_de_cafe\/2023\/02\/09\/jugar-con-fuego\/","title":{"rendered":"JUGAR CON FUEGO"},"content":{"rendered":"<p class=\"voc-paragraph\">El Ministerio de Transportes ha procedido a los primeros ceses por el esc\u00e1ndalo de los trenes que no cab\u00edan en los t\u00faneles. El jefe de inspecci\u00f3n de Adif y el gerente de material de Renfe se van para su casa. El pasado s\u00e1bado, la ministra Raquel S\u00e1nchez ya hab\u00eda anticipado que habr\u00eda ceses inmediatos en Adif y Renfe, como as\u00ed ha sido. Es importante se\u00f1alar que, a efectos internos del ministerio, sus dos principales entes empresariales quedan empatados en culpas. Si hay m\u00e1s ceses tambi\u00e9n ser\u00e1n a pares. La medida tomada con car\u00e1cter de urgencia tiene la apariencia de ser el torniquete con el que se quiere contener la hemorragia del descr\u00e9dito que afecta a todo el Ministerio de Transportes. No solo se actu\u00f3 con desidia y frivolidad desde los entes empresariales, sino que la propia c\u00fapula del ministerio incurri\u00f3 en &#8216;in vigilando&#8217; al fallar en tareas m\u00ednimas de supervisi\u00f3n que son indelegables.<\/p>\n<p class=\"voc-paragraph\">El esc\u00e1ndalo que sali\u00f3 a la superficie en la edici\u00f3n de EL COMERCIO del 24 enero ha alcanzado ya dimensiones nacionales. No hay tertulia de televisi\u00f3n o radio que no debata sobre el asunto. Nadie encuentra explicaci\u00f3n para un proceder tan torpe, quiz\u00e1 porque se desconozcan los m\u00e9todos de trabajo de los entes concernidos. Baste como ejemplo que al constatar el fiasco barajaron la idea de ampliar los t\u00faneles para que pudieran pasar los trenes. El asunto entra de lleno en la agenda pol\u00edtica de la actualidad, incluyendo declaraciones de los l\u00edderes pol\u00edticos, as\u00ed que la respuesta del Gobierno tiene que estar a la altura del impacto causado en la ciudadan\u00eda.<\/p>\n<p class=\"voc-paragraph\">El cese del jefe de inspecci\u00f3n de Adif y del gerente de material de Renfe no permite hacer borr\u00f3n y cuenta nueva. Son dos cargos que solo alcanzar\u00e1n alg\u00fan relieve social al ser despedidos. Aqu\u00ed lo que ha salido a la superficie no es solo una manera fr\u00edvola de proceder, sino que en 2021 se hizo un pedido de 200 millones de euros, fundamental para cubrir los servicios de las redes de Cercan\u00edas de dos comunidades aut\u00f3nomas, y en 2023, por encima de esos dos se\u00f1ores, nadie sabe de su existencia. Ni las direcciones de Adif y Renfe ni la c\u00fapula del ministerio eran conocedores de la rocambolesca aventura recorrida por el encargo. Se fall\u00f3 al ejecutar y se fall\u00f3 al controlar. La imagen que proyecta este asunto es la de un ministerio ajeno al cumplimiento de los planes, con unos entes empresariales, que de \u00e9l dependen, dotados de una autonom\u00eda ilimitada que les permite gestionar a su manera. La ministra debe depurar el organigrama. O juega con fuego.<\/p>\n<!-- AddThis Advanced Settings generic via filter on the_content --><!-- AddThis Share Buttons generic via filter on the_content -->","protected":false},"excerpt":{"rendered":"<p>El Ministerio de Transportes ha procedido a los primeros ceses por el esc\u00e1ndalo de los trenes que no cab\u00edan en los t\u00faneles. El jefe de inspecci\u00f3n de Adif y el gerente de material de Renfe se van para su casa. El pasado s\u00e1bado, la ministra Raquel S\u00e1nchez ya hab\u00eda anticipado que habr\u00eda ceses inmediatos en [&hellip;]<!-- AddThis Advanced Settings generic via filter on get_the_excerpt --><!-- AddThis Share Buttons generic via filter on get_the_excerpt --><\/p>\n","protected":false},"author":2,"featured_media":0,"comment_status":"open","ping_status":"open","sticky":false,"template":"","format":"standard","meta":[],"categories":[1],"tags":[],"_links":{"self":[{"href":"https:\/\/blogs.elcomercio.es\/largo_de_cafe\/wp-json\/wp\/v2\/posts\/8967"}],"collection":[{"href":"https:\/\/blogs.elcomercio.es\/largo_de_cafe\/wp-json\/wp\/v2\/posts"}],"about":[{"href":"https:\/\/blogs.elcomercio.es\/largo_de_cafe\/wp-json\/wp\/v2\/types\/post"}],"author":[{"embeddable":true,"href":"https:\/\/blogs.elcomercio.es\/largo_de_cafe\/wp-json\/wp\/v2\/users\/2"}],"replies":[{"embeddable":true,"href":"https:\/\/blogs.elcomercio.es\/largo_de_cafe\/wp-json\/wp\/v2\/comments?post=8967"}],"version-history":[{"count":1,"href":"https:\/\/blogs.elcomercio.es\/largo_de_cafe\/wp-json\/wp\/v2\/posts\/8967\/revisions"}],"predecessor-version":[{"id":8968,"href":"https:\/\/blogs.elcomercio.es\/largo_de_cafe\/wp-json\/wp\/v2\/posts\/8967\/revisions\/8968"}],"wp:attachment":[{"href":"https:\/\/blogs.elcomercio.es\/largo_de_cafe\/wp-json\/wp\/v2\/media?parent=8967"}],"wp:term":[{"taxonomy":"category","embeddable":true,"href":"https:\/\/blogs.elcomercio.es\/largo_de_cafe\/wp-json\/wp\/v2\/categories?post=8967"},{"taxonomy":"post_tag","embeddable":true,"href":"https:\/\/blogs.elcomercio.es\/largo_de_cafe\/wp-json\/wp\/v2\/tags?post=8967"}],"curies":[{"name":"wp","href":"https:\/\/api.w.org\/{rel}","templated":true}]}}