{"id":8978,"date":"2023-02-14T00:19:37","date_gmt":"2023-02-13T23:19:37","guid":{"rendered":"https:\/\/blogs.elcomercio.es\/largo_de_cafe\/?p=8978"},"modified":"2023-02-14T00:19:37","modified_gmt":"2023-02-13T23:19:37","slug":"caza-mayor-3","status":"publish","type":"post","link":"https:\/\/blogs.elcomercio.es\/largo_de_cafe\/2023\/02\/14\/caza-mayor-3\/","title":{"rendered":"CAZA MAYOR"},"content":{"rendered":"<p class=\"voc-paragraph\">Paloma G\u00e1zquez volvi\u00f3 a pedir el cese de Pardo de Vera, secretaria de Estado de Transportes, porque era presidenta de Adif cuando se gestion\u00f3 el encargo de los treintai\u00fan trenes destinados al tr\u00e1fico de cercan\u00edas en Asturias y Cantabria. Tras diez d\u00edas de silencio negligente, entramos en la fase de pedir dimisiones. Las dos cabezas que ofreci\u00f3 la ministra, Raquel S\u00e1nchez, parecen poca cosa y por un m\u00ednimo de orgullo regional (el que falt\u00f3 a toda la clase pol\u00edtica asturiana tras leer la noticia en EL COMERCIO), se quieren cobrar piezas de caza mayor. Pardo de Vera lo es, sin duda. Si los pol\u00edticos asturianos deciden entrar en una puja para ver qui\u00e9n es m\u00e1s combativo por su tierra, hay que ir de frente a por toda la c\u00fapula de Transportes; y si se ponen necios, se trepa por el organigrama del Gobierno hasta la c\u00faspide. Ahora bien, si se renuncia a los fuegos artificiales, proc\u00e9dase con objetividad.<\/p>\n<p class=\"voc-paragraph\">G\u00e1zquez se\u00f1ala a la expresidenta de Adif, pero se olvida de Renfe, que es la empresa p\u00fablica que tuvo un papel m\u00e1s relevante en el encargo fallido. La \u00fanica raz\u00f3n de depurar Adif y exonerar a Renfe no est\u00e1 en las empresas, sino en Pardo de Vera. Un dato: en el entorno del presidente de la Xunta se barrunta que la actual secretaria de Estado puede encabezar la candidatura de los socialistas en las pr\u00f3ximas elecciones. Todo lo relacionado con Galicia ha cobrado mucho m\u00e1s valor en el PP desde que lo preside Feij\u00f3o. A ello hay que sumar las desafortunadas actuaciones que tuvo Pardo de Vera en su visita a Asturias. Al explicar los enormes retrasos de la variante de Pajares, carg\u00f3 todas las culpas sobre los a\u00f1os en que gobern\u00f3 Rajoy. Ni una palabra de Zapatero, que tras quedar calados los t\u00faneles se pas\u00f3 dos a\u00f1os sin mover una piedra. Tampoco de S\u00e1nchez, que pronto cumplir\u00e1 cinco a\u00f1os equipando los t\u00faneles. Un relato, el de Pardo de Vera, que convence a los adultos que todav\u00eda se emocionan jugando a vaqueros e indios. La secretaria de Estado entr\u00f3 en una disputa que deber\u00eda haber evitado, porque no era necesaria para explicar los retrasos de la variante. La n\u00famero dos del ministerio sabe que la clave est\u00e1 en la escasa inversi\u00f3n de los gobiernos por no ejecutar las partidas presupuestadas.<\/p>\n<p class=\"voc-paragraph\">El Gobierno est\u00e1 obligado a depurar responsabilidades, pero vocear nombres desde Asturias por intereses de partido, sin haberse enterado de la fiesta hasta que Revilla puso el grito en el cielo, resulta pat\u00e9tico. S\u00ed, el PP, como partido l\u00edder de la oposici\u00f3n, perdi\u00f3 una gran oportunidad. Otra vez ser\u00e1.<\/p>\n<div class=\"links-interest accordion\">\n<div class=\"accordion-card\">\n<div class=\"links-interest__header-item accordion-header\"><\/div>\n<\/div>\n<\/div>\n<!-- AddThis Advanced Settings generic via filter on the_content --><!-- AddThis Share Buttons generic via filter on the_content -->","protected":false},"excerpt":{"rendered":"<p>Paloma G\u00e1zquez volvi\u00f3 a pedir el cese de Pardo de Vera, secretaria de Estado de Transportes, porque era presidenta de Adif cuando se gestion\u00f3 el encargo de los treintai\u00fan trenes destinados al tr\u00e1fico de cercan\u00edas en Asturias y Cantabria. Tras diez d\u00edas de silencio negligente, entramos en la fase de pedir dimisiones. Las dos cabezas [&hellip;]<!-- AddThis Advanced Settings generic via filter on get_the_excerpt --><!-- AddThis Share Buttons generic via filter on get_the_excerpt --><\/p>\n","protected":false},"author":2,"featured_media":0,"comment_status":"open","ping_status":"open","sticky":false,"template":"","format":"standard","meta":[],"categories":[1],"tags":[],"_links":{"self":[{"href":"https:\/\/blogs.elcomercio.es\/largo_de_cafe\/wp-json\/wp\/v2\/posts\/8978"}],"collection":[{"href":"https:\/\/blogs.elcomercio.es\/largo_de_cafe\/wp-json\/wp\/v2\/posts"}],"about":[{"href":"https:\/\/blogs.elcomercio.es\/largo_de_cafe\/wp-json\/wp\/v2\/types\/post"}],"author":[{"embeddable":true,"href":"https:\/\/blogs.elcomercio.es\/largo_de_cafe\/wp-json\/wp\/v2\/users\/2"}],"replies":[{"embeddable":true,"href":"https:\/\/blogs.elcomercio.es\/largo_de_cafe\/wp-json\/wp\/v2\/comments?post=8978"}],"version-history":[{"count":1,"href":"https:\/\/blogs.elcomercio.es\/largo_de_cafe\/wp-json\/wp\/v2\/posts\/8978\/revisions"}],"predecessor-version":[{"id":8979,"href":"https:\/\/blogs.elcomercio.es\/largo_de_cafe\/wp-json\/wp\/v2\/posts\/8978\/revisions\/8979"}],"wp:attachment":[{"href":"https:\/\/blogs.elcomercio.es\/largo_de_cafe\/wp-json\/wp\/v2\/media?parent=8978"}],"wp:term":[{"taxonomy":"category","embeddable":true,"href":"https:\/\/blogs.elcomercio.es\/largo_de_cafe\/wp-json\/wp\/v2\/categories?post=8978"},{"taxonomy":"post_tag","embeddable":true,"href":"https:\/\/blogs.elcomercio.es\/largo_de_cafe\/wp-json\/wp\/v2\/tags?post=8978"}],"curies":[{"name":"wp","href":"https:\/\/api.w.org\/{rel}","templated":true}]}}