{"id":8982,"date":"2023-02-15T23:26:33","date_gmt":"2023-02-15T22:26:33","guid":{"rendered":"https:\/\/blogs.elcomercio.es\/largo_de_cafe\/?p=8982"},"modified":"2023-02-15T23:26:33","modified_gmt":"2023-02-15T22:26:33","slug":"la-batalla-del-noroeste","status":"publish","type":"post","link":"https:\/\/blogs.elcomercio.es\/largo_de_cafe\/2023\/02\/15\/la-batalla-del-noroeste\/","title":{"rendered":"LA BATALLA DEL NOROESTE"},"content":{"rendered":"<p class=\"voc-paragraph\">Galicia y Castilla y Le\u00f3n se sienten damnificadas por el fiasco de los trenes mal medidos de Asturias y Cantabria. Por un lado, temen que el retraso de los pedidos de asturianos y c\u00e1ntabros postergue las nuevas dotaciones para las redes gallega y castellana &#8216;ad calendas graecas&#8217;, y, por el otro, se acogen a la planificaci\u00f3n realizada por Jos\u00e9 Luis \u00c1balos que, al parecer, los inclu\u00eda en el reparto de los treintai\u00fan trenes. Quieren participar en la reuni\u00f3n del d\u00eda 20 que celebrar\u00e1n, en Santander, Adri\u00e1n Barb\u00f3n y Miguel \u00c1ngel Revilla con la ministra, Raquel S\u00e1nchez, as\u00ed como en cualquier otra cita que haya en el futuro. Hablan de apoyar las reivindicaciones del Principado y de Cantabria.<\/p>\n<p class=\"voc-paragraph\">Es evidente que el primer compromiso del Ministerio de Transportes, en materia de construcci\u00f3n de trenes, es con Asturias y Cantabria. Tras el fracaso culposo s\u00f3lo faltar\u00eda que nos pusieran a la cola de las peticiones. Si nos toca hacer acopio de paciencia, a las dem\u00e1s regiones excuso decir. \u00c1balos, como todos los ministros de Transportes, fue pr\u00f3digo en promesas, otra cosa es en hechos. Planificaciones ministeriales hay muchas, pero lo \u00fanico que cuenta son las licitaciones y los contratos firmados. Dicho en t\u00e9rminos concretos: los trenes encargados a Construcciones y Auxiliares de Ferrocarriles (CAF) se repartir\u00e1n entre asturianos y c\u00e1ntabros, siendo necesario para atender las necesidades de Asturias alguna unidad m\u00e1s o, en caso contrario, se cambia el reparto de 22 unidades para Cantabria y 9 para Asturias.<\/p>\n<p class=\"voc-paragraph\">Hechas estas precisiones, bienvenidos sean gallegos y castellanos a la reclamaci\u00f3n y el consenso frente a la inhibici\u00f3n del Ministerio de Transportes en las inversiones ferroviarias del noroeste. Tanto el Gobierno de Pedro S\u00e1nchez, como el de Mariano Rajoy, se subieron al discurso de la alta velocidad y se olvidaron de las cercan\u00edas, al menos en el norte de Espa\u00f1a. Dentro de la marginaci\u00f3n de las cercan\u00edas, la red de v\u00eda estrecha, la antigua Feve, cay\u00f3 en el m\u00e1s absoluto de los olvidos. Asturias tiene m\u00e1s kil\u00f3metros de v\u00eda estrecha que las otras regiones, por eso estamos en una situaci\u00f3n m\u00e1s vulnerable. Es el momento de mirar la coyuntura con perspectiva. O se hacen las inversiones en infraestructura y material m\u00f3vil en el corto plazo o la red de ancho m\u00e9trico se clausura. Con grandes p\u00e9rdidas y sin clientes se cierra sola. Creo que esa fue la idea de los gobiernos desde que se integr\u00f3 en Renfe y Adif. El noroeste debe dar ahora esa batalla, no se puede dejar para ma\u00f1ana.<\/p>\n<!-- AddThis Advanced Settings generic via filter on the_content --><!-- AddThis Share Buttons generic via filter on the_content -->","protected":false},"excerpt":{"rendered":"<p>Galicia y Castilla y Le\u00f3n se sienten damnificadas por el fiasco de los trenes mal medidos de Asturias y Cantabria. Por un lado, temen que el retraso de los pedidos de asturianos y c\u00e1ntabros postergue las nuevas dotaciones para las redes gallega y castellana &#8216;ad calendas graecas&#8217;, y, por el otro, se acogen a la [&hellip;]<!-- AddThis Advanced Settings generic via filter on get_the_excerpt --><!-- AddThis Share Buttons generic via filter on get_the_excerpt --><\/p>\n","protected":false},"author":2,"featured_media":0,"comment_status":"open","ping_status":"open","sticky":false,"template":"","format":"standard","meta":[],"categories":[1],"tags":[],"_links":{"self":[{"href":"https:\/\/blogs.elcomercio.es\/largo_de_cafe\/wp-json\/wp\/v2\/posts\/8982"}],"collection":[{"href":"https:\/\/blogs.elcomercio.es\/largo_de_cafe\/wp-json\/wp\/v2\/posts"}],"about":[{"href":"https:\/\/blogs.elcomercio.es\/largo_de_cafe\/wp-json\/wp\/v2\/types\/post"}],"author":[{"embeddable":true,"href":"https:\/\/blogs.elcomercio.es\/largo_de_cafe\/wp-json\/wp\/v2\/users\/2"}],"replies":[{"embeddable":true,"href":"https:\/\/blogs.elcomercio.es\/largo_de_cafe\/wp-json\/wp\/v2\/comments?post=8982"}],"version-history":[{"count":1,"href":"https:\/\/blogs.elcomercio.es\/largo_de_cafe\/wp-json\/wp\/v2\/posts\/8982\/revisions"}],"predecessor-version":[{"id":8983,"href":"https:\/\/blogs.elcomercio.es\/largo_de_cafe\/wp-json\/wp\/v2\/posts\/8982\/revisions\/8983"}],"wp:attachment":[{"href":"https:\/\/blogs.elcomercio.es\/largo_de_cafe\/wp-json\/wp\/v2\/media?parent=8982"}],"wp:term":[{"taxonomy":"category","embeddable":true,"href":"https:\/\/blogs.elcomercio.es\/largo_de_cafe\/wp-json\/wp\/v2\/categories?post=8982"},{"taxonomy":"post_tag","embeddable":true,"href":"https:\/\/blogs.elcomercio.es\/largo_de_cafe\/wp-json\/wp\/v2\/tags?post=8982"}],"curies":[{"name":"wp","href":"https:\/\/api.w.org\/{rel}","templated":true}]}}