{"id":8993,"date":"2023-02-21T22:48:31","date_gmt":"2023-02-21T21:48:31","guid":{"rendered":"https:\/\/blogs.elcomercio.es\/largo_de_cafe\/?p=8993"},"modified":"2023-02-21T22:48:31","modified_gmt":"2023-02-21T21:48:31","slug":"trifulca-politica","status":"publish","type":"post","link":"https:\/\/blogs.elcomercio.es\/largo_de_cafe\/2023\/02\/21\/trifulca-politica\/","title":{"rendered":"TRIFULCA POL\u00cdTICA"},"content":{"rendered":"<p class=\"voc-paragraph\">La aprobaci\u00f3n por la Comisi\u00f3n Europea del Proyecto Estrat\u00e9gico para la Recuperaci\u00f3n y Transformaci\u00f3n Econ\u00f3mica (PERTE) de Arcelor es una noticia transcendente. En la larga singladura de la siderurgia asturiana se introdujeron cambios o modificaciones en la propiedad, el aparato productivo o en el mercado que permitieron a las plantas asturianas garantizar la supervivencia. El PERTE aprobado es uno de ellos. La siderurgia que todos conocemos, con los dos hornos altos que contemplamos desde la autopista &#8216;Y&#8217;, no sirve para la pr\u00f3xima etapa. La descarbonizaci\u00f3n es un objetivo en gran parte del mundo, pero en la Uni\u00f3n Europea es una obligaci\u00f3n para seguir fabricando. Las emisiones de di\u00f3xido de carbono gratuitas se acaban y los costes se disparar\u00edan. Desde Bruselas se han aprobado disposiciones para que todas las producciones que no sean verdes se conviertan en totalmente antiecon\u00f3micas. El PERTE hace de parteaguas; sin el dinero europeo Arcelor no acometer\u00eda el profundo proceso de transformaci\u00f3n de sus instalaciones. Una gran multinacional siempre tiene margen de maniobra y con 17 hornos altos en Europa, la producci\u00f3n asturiana no supone una cuesti\u00f3n de vida o muerte. El Gobierno de Espa\u00f1a asumi\u00f3 la gesti\u00f3n de las ayudas europeas que deben cubrir el 50% de la inversi\u00f3n y el resto lo pondr\u00e1 la propiedad. No era un asunto sencillo porque Arcelor participaba en proyectos de otros pa\u00edses, as\u00ed que Bruselas tuvo que examinar si las ayudas recibidas no lo colocaban en una posici\u00f3n de dominio de mercado. Todo sali\u00f3 bien. Ahora queda desarrollar un proyecto que tiene como principal interrogante los elevados costes de la producci\u00f3n de acero verde. El talento de un personal muy cualificado sabr\u00e1 aplanar la curva de costes.<\/p>\n<p class=\"voc-paragraph\">La noticia es excelente, pero la trifulca pol\u00edtica tuvo que poner la nota discordante. La buena nueva lleg\u00f3 por boca de Diego Canga, candidato del PP a la Presidencia del Principado. Un se\u00f1or que estuvo trabajando m\u00e1s de tres d\u00e9cadas en Bruselas en puestos destacados es l\u00f3gico que se entere antes que el resto de los pol\u00edticos asturianos. No pasa nada. Todos nos congratulamos, menos la ministra de Industria, Reyes Maroto, que estaba en Avil\u00e9s.<\/p>\n<p class=\"voc-paragraph\">En un ataque de celos propio de un personaje shakesperiano, desminti\u00f3 el anuncio para decir, luego, que no conoc\u00eda a ese se\u00f1or que \u00abest\u00e1 poniendo en riesgo el proyecto de Arcelor\u00bb. Termin\u00f3 el espect\u00e1culo grabando un v\u00eddeo, sonriente y celebrando la noticia. Qu\u00e9 f\u00e1cil lo tiene el alcalde de Madrid.<\/p>\n<!-- AddThis Advanced Settings generic via filter on the_content --><!-- AddThis Share Buttons generic via filter on the_content -->","protected":false},"excerpt":{"rendered":"<p>La aprobaci\u00f3n por la Comisi\u00f3n Europea del Proyecto Estrat\u00e9gico para la Recuperaci\u00f3n y Transformaci\u00f3n Econ\u00f3mica (PERTE) de Arcelor es una noticia transcendente. En la larga singladura de la siderurgia asturiana se introdujeron cambios o modificaciones en la propiedad, el aparato productivo o en el mercado que permitieron a las plantas asturianas garantizar la supervivencia. El [&hellip;]<!-- AddThis Advanced Settings generic via filter on get_the_excerpt --><!-- AddThis Share Buttons generic via filter on get_the_excerpt --><\/p>\n","protected":false},"author":2,"featured_media":0,"comment_status":"open","ping_status":"open","sticky":false,"template":"","format":"standard","meta":[],"categories":[1],"tags":[],"_links":{"self":[{"href":"https:\/\/blogs.elcomercio.es\/largo_de_cafe\/wp-json\/wp\/v2\/posts\/8993"}],"collection":[{"href":"https:\/\/blogs.elcomercio.es\/largo_de_cafe\/wp-json\/wp\/v2\/posts"}],"about":[{"href":"https:\/\/blogs.elcomercio.es\/largo_de_cafe\/wp-json\/wp\/v2\/types\/post"}],"author":[{"embeddable":true,"href":"https:\/\/blogs.elcomercio.es\/largo_de_cafe\/wp-json\/wp\/v2\/users\/2"}],"replies":[{"embeddable":true,"href":"https:\/\/blogs.elcomercio.es\/largo_de_cafe\/wp-json\/wp\/v2\/comments?post=8993"}],"version-history":[{"count":1,"href":"https:\/\/blogs.elcomercio.es\/largo_de_cafe\/wp-json\/wp\/v2\/posts\/8993\/revisions"}],"predecessor-version":[{"id":8994,"href":"https:\/\/blogs.elcomercio.es\/largo_de_cafe\/wp-json\/wp\/v2\/posts\/8993\/revisions\/8994"}],"wp:attachment":[{"href":"https:\/\/blogs.elcomercio.es\/largo_de_cafe\/wp-json\/wp\/v2\/media?parent=8993"}],"wp:term":[{"taxonomy":"category","embeddable":true,"href":"https:\/\/blogs.elcomercio.es\/largo_de_cafe\/wp-json\/wp\/v2\/categories?post=8993"},{"taxonomy":"post_tag","embeddable":true,"href":"https:\/\/blogs.elcomercio.es\/largo_de_cafe\/wp-json\/wp\/v2\/tags?post=8993"}],"curies":[{"name":"wp","href":"https:\/\/api.w.org\/{rel}","templated":true}]}}