{"id":90,"date":"2007-09-27T00:28:32","date_gmt":"2007-09-27T00:28:32","guid":{"rendered":"http:\/\/blogs.elcomercio.es\/largo_de_cafe\/?p=90"},"modified":"2007-09-27T00:28:32","modified_gmt":"2007-09-27T00:28:32","slug":"blindar-estado","status":"publish","type":"post","link":"https:\/\/blogs.elcomercio.es\/largo_de_cafe\/2007\/09\/27\/blindar-estado\/","title":{"rendered":"BLINDAR EL ESTADO"},"content":{"rendered":"<p>    En los \u00faltimos a\u00f1os, la presentaci\u00f3n de los Presupuestos Generales del Estado ha desembocado en un debate entre comunidades aut\u00f3nomas, para ver qu\u00e9 territorios sal\u00edan m\u00e1s favorecidos o perjudicados. Hay muchas formas de establecer comparaciones, pero no es mala cosa poner en relaci\u00f3n la inversi\u00f3n en cada regi\u00f3n con los ciudadanos que hay en ella. Asturias volver\u00e1 a ser en el pr\u00f3ximo a\u00f1o la comunidad que reciba m\u00e1s dinero del Estado por habitante, as\u00ed que los asturianos no salimos mal parados con las inversiones del Gobierno.<br \/>\n     En los \u00faltimos diez a\u00f1os, las inversiones del Estado se han quintuplicado en nuestra regi\u00f3n, mientras que, por ejemplo, en la comunidad madrile\u00f1a han quedado lejos de duplicarse. El PP dice que hay una gran diferencia entre las cuentas que se aprueban y el montante que se acaba ejecutando, sum\u00e1ndose a una cr\u00edtica que hacen siempre los partidos de oposici\u00f3n. La misma acusaci\u00f3n hac\u00edan los socialistas al Gobierno de Aznar. La realidad es que hace diez a\u00f1os el Gobierno central invert\u00eda 206 millones de euros en Asturias, y para el 2008 habr\u00e1 presupuestado 1.094 millones. A la luz de estas cifras no se entiende que todo el debate sobre la pol\u00edtica de Zapatero en nuestra regi\u00f3n gire en torno a la fallida promesa de rescatar el peaje del Huerna. O se entiende demasiado, porque ese es el resultado de la falta de inter\u00e9s de los ministros por venir a defender la pol\u00edtica del Gobierno.<br \/>\n     Para el pr\u00f3ximo a\u00f1o las inversiones del Estado crecen, fundamentalmente, en Catalu\u00f1a, Andaluc\u00eda y Baleares. Los nuevos estatutos de autonom\u00eda obligan al Estado a destinar grandes cantidades de recursos en esas regiones para no incumplir la legalidad. En siete a\u00f1os, Catalu\u00f1a recibir\u00e1 lo que estaba previsto obtener en veinte. \u00bfNecesita Asturias otro texto estatutario que garantice un determinado volumen de inversiones? No creo que Las Cortes aprueben una norma as\u00ed para nosotros. La reflexi\u00f3n debe ir por otro lado. \u00bfPor qu\u00e9 Asturias recibi\u00f3 tanto dinero en la \u00faltima d\u00e9cada? La respuesta es clara: porque hab\u00eda detr\u00e1s un territorio fuerte y cohesionado, con la excepci\u00f3n de las dos comunidades, Pa\u00eds Vasco y Navarra. Conclusi\u00f3n: hay que blindar el Estado, como propuso, con otras palabras, el propio Consejo de Estado.   <\/p>\n<!-- AddThis Advanced Settings generic via filter on the_content --><!-- AddThis Share Buttons generic via filter on the_content -->","protected":false},"excerpt":{"rendered":"<p>En los \u00faltimos a\u00f1os, la presentaci\u00f3n de los Presupuestos Generales del Estado ha desembocado en un debate entre comunidades aut\u00f3nomas, para ver qu\u00e9 territorios sal\u00edan m\u00e1s favorecidos o perjudicados. Hay muchas formas de establecer comparaciones, pero no es mala cosa poner en relaci\u00f3n la inversi\u00f3n en cada regi\u00f3n con los ciudadanos que hay en ella. [&hellip;]<!-- AddThis Advanced Settings generic via filter on get_the_excerpt --><!-- AddThis Share Buttons generic via filter on get_the_excerpt --><\/p>\n","protected":false},"author":2,"featured_media":0,"comment_status":"open","ping_status":"closed","sticky":false,"template":"","format":"standard","meta":[],"categories":[4],"tags":[],"_links":{"self":[{"href":"https:\/\/blogs.elcomercio.es\/largo_de_cafe\/wp-json\/wp\/v2\/posts\/90"}],"collection":[{"href":"https:\/\/blogs.elcomercio.es\/largo_de_cafe\/wp-json\/wp\/v2\/posts"}],"about":[{"href":"https:\/\/blogs.elcomercio.es\/largo_de_cafe\/wp-json\/wp\/v2\/types\/post"}],"author":[{"embeddable":true,"href":"https:\/\/blogs.elcomercio.es\/largo_de_cafe\/wp-json\/wp\/v2\/users\/2"}],"replies":[{"embeddable":true,"href":"https:\/\/blogs.elcomercio.es\/largo_de_cafe\/wp-json\/wp\/v2\/comments?post=90"}],"version-history":[{"count":0,"href":"https:\/\/blogs.elcomercio.es\/largo_de_cafe\/wp-json\/wp\/v2\/posts\/90\/revisions"}],"wp:attachment":[{"href":"https:\/\/blogs.elcomercio.es\/largo_de_cafe\/wp-json\/wp\/v2\/media?parent=90"}],"wp:term":[{"taxonomy":"category","embeddable":true,"href":"https:\/\/blogs.elcomercio.es\/largo_de_cafe\/wp-json\/wp\/v2\/categories?post=90"},{"taxonomy":"post_tag","embeddable":true,"href":"https:\/\/blogs.elcomercio.es\/largo_de_cafe\/wp-json\/wp\/v2\/tags?post=90"}],"curies":[{"name":"wp","href":"https:\/\/api.w.org\/{rel}","templated":true}]}}