{"id":9008,"date":"2023-02-28T00:25:41","date_gmt":"2023-02-27T23:25:41","guid":{"rendered":"https:\/\/blogs.elcomercio.es\/largo_de_cafe\/?p=9008"},"modified":"2023-02-28T00:25:41","modified_gmt":"2023-02-27T23:25:41","slug":"un-deficit-lacerante","status":"publish","type":"post","link":"https:\/\/blogs.elcomercio.es\/largo_de_cafe\/2023\/02\/28\/un-deficit-lacerante\/","title":{"rendered":"UN D\u00c9FICIT LACERANTE"},"content":{"rendered":"<p class=\"voc-paragraph\">La necesidad de m\u00e9dicos, un d\u00e9ficit que comparten todas las regiones, resulta m\u00e1s lacerante que el de cualquier otra profesi\u00f3n por la funci\u00f3n que realizan. Hace muchos a\u00f1os las facultades de Medicina optaron por el numerus clausus, limitando dr\u00e1sticamente el n\u00famero de los nuevos licenciados. El d\u00e9ficit se debe a dos razones, la reducci\u00f3n de la oferta de plazas para cursar la carrera y las convocatorias para M\u00e9dico Interno Residente (MIR) que no permiten formar al suficiente n\u00famero de profesionales para determinadas especialidades. Entran pocos alumnos en la facultad y salen escasos especialistas del hospital. El problema creci\u00f3 entre la indiferencia de las autoridades acad\u00e9micas y el lobby de la sanidad.<\/p>\n<p class=\"voc-paragraph\">El Gobierno ha querido mejorar la situaci\u00f3n aumentando el 15% las plazas. Para ello presupuest\u00f3 15.000 euros para gasto corriente y 40.000 para inversiones por cada plaza. El objetivo era contar con 1.200 plazas m\u00e1s en toda Espa\u00f1a para hacer frente a un d\u00e9ficit anual de mil facultativos. La Universidad de Oviedo asumi\u00f3 el objetivo, pero al concretar, el incremento qued\u00f3 en el 10%, pasando de 150 a 165. El rector dijo que no ten\u00edan capacidad para m\u00e1s.<\/p>\n<p class=\"voc-paragraph\">Para tratar este asunto es preciso introducir otro dato interesante, como es la diferencia entre los alumnos que quieren estudiar Medicina y los que la Universidad de Oviedo acepta. Para las 150 plazas ofertadas este a\u00f1o se entregaron 4.657 solicitudes. Una distancia tan abismal permite decir que los j\u00f3venes con vocaci\u00f3n m\u00e9dica deben pensar en hacer las maletas para instalarse en otras geograf\u00edas: leyendas urbanas. En todas las actividades, un exceso de demanda se corrige con un incremento de la oferta. Aqu\u00ed no rige esa pauta porque el oferente tiene monopolio en el territorio y no obtiene ning\u00fan beneficio por corregir el desfase. Al contrario, s\u00f3lo ganar\u00eda quebraderos de cabeza. Hace una docena de a\u00f1os, la Facultad de Medicina ofrec\u00eda 120 plazas. Empezamos unos y otros a incordiar y subi\u00f3 a 150. La instituci\u00f3n siempre por detr\u00e1s de las necesidades sociales. En todo esto hay una cosa que me pasma: la pasividad del Principado. Ni al presidente ni al consejero de Ciencia, Innovaci\u00f3n y Universidad les preocupa el asunto. A la oposici\u00f3n, tampoco. Estamos en una regi\u00f3n tan de viejos, que la educaci\u00f3n, desde Infantil a la Universidad, no existe en el debate parlamentario. Olvidaba lo mejor: toda la actividad universitaria la pagan las familias (impuestos) que luego mandan sus hijos a estudiar fuera.<\/p>\n<!-- AddThis Advanced Settings generic via filter on the_content --><!-- AddThis Share Buttons generic via filter on the_content -->","protected":false},"excerpt":{"rendered":"<p>La necesidad de m\u00e9dicos, un d\u00e9ficit que comparten todas las regiones, resulta m\u00e1s lacerante que el de cualquier otra profesi\u00f3n por la funci\u00f3n que realizan. Hace muchos a\u00f1os las facultades de Medicina optaron por el numerus clausus, limitando dr\u00e1sticamente el n\u00famero de los nuevos licenciados. El d\u00e9ficit se debe a dos razones, la reducci\u00f3n de [&hellip;]<!-- AddThis Advanced Settings generic via filter on get_the_excerpt --><!-- AddThis Share Buttons generic via filter on get_the_excerpt --><\/p>\n","protected":false},"author":2,"featured_media":0,"comment_status":"open","ping_status":"open","sticky":false,"template":"","format":"standard","meta":[],"categories":[1],"tags":[],"_links":{"self":[{"href":"https:\/\/blogs.elcomercio.es\/largo_de_cafe\/wp-json\/wp\/v2\/posts\/9008"}],"collection":[{"href":"https:\/\/blogs.elcomercio.es\/largo_de_cafe\/wp-json\/wp\/v2\/posts"}],"about":[{"href":"https:\/\/blogs.elcomercio.es\/largo_de_cafe\/wp-json\/wp\/v2\/types\/post"}],"author":[{"embeddable":true,"href":"https:\/\/blogs.elcomercio.es\/largo_de_cafe\/wp-json\/wp\/v2\/users\/2"}],"replies":[{"embeddable":true,"href":"https:\/\/blogs.elcomercio.es\/largo_de_cafe\/wp-json\/wp\/v2\/comments?post=9008"}],"version-history":[{"count":1,"href":"https:\/\/blogs.elcomercio.es\/largo_de_cafe\/wp-json\/wp\/v2\/posts\/9008\/revisions"}],"predecessor-version":[{"id":9009,"href":"https:\/\/blogs.elcomercio.es\/largo_de_cafe\/wp-json\/wp\/v2\/posts\/9008\/revisions\/9009"}],"wp:attachment":[{"href":"https:\/\/blogs.elcomercio.es\/largo_de_cafe\/wp-json\/wp\/v2\/media?parent=9008"}],"wp:term":[{"taxonomy":"category","embeddable":true,"href":"https:\/\/blogs.elcomercio.es\/largo_de_cafe\/wp-json\/wp\/v2\/categories?post=9008"},{"taxonomy":"post_tag","embeddable":true,"href":"https:\/\/blogs.elcomercio.es\/largo_de_cafe\/wp-json\/wp\/v2\/tags?post=9008"}],"curies":[{"name":"wp","href":"https:\/\/api.w.org\/{rel}","templated":true}]}}