{"id":9010,"date":"2023-02-28T22:27:06","date_gmt":"2023-02-28T21:27:06","guid":{"rendered":"https:\/\/blogs.elcomercio.es\/largo_de_cafe\/?p=9010"},"modified":"2023-02-28T22:27:06","modified_gmt":"2023-02-28T21:27:06","slug":"semana-emocional","status":"publish","type":"post","link":"https:\/\/blogs.elcomercio.es\/largo_de_cafe\/2023\/02\/28\/semana-emocional\/","title":{"rendered":"SEMANA EMOCIONAL"},"content":{"rendered":"<p class=\"voc-paragraph\">El escenario electoral se supone que es el marco adecuado para debatir sobre las cuestiones que importan a la sociedad. Los partidos pol\u00edticos se esfuerzan en redactar programas electorales que llevan propuestas sobre los asuntos de inter\u00e9s. Un enfoque plenamente racional que no se corresponde con la realidad. Hace mucho que la pol\u00edtica y las elecciones se gu\u00edan por impulsos emocionales. Una primera constataci\u00f3n: la irracionalidad avanza con el siglo, contaminando a la pol\u00edtica y la sociedad. Voy a poner varios ejemplos extra\u00eddos de la lectura del peri\u00f3dico de esta semana.<\/p>\n<div class=\"voc-detail__cmp voc-detail__cmp--title voc-detail__cmp--no-margin\">\n<h3 class=\"voc-detail__title\">Censura<\/h3>\n<\/div>\n<p class=\"voc-paragraph\">\u00abVox y Tamames llegan a un acuerdo para la presentaci\u00f3n de una moci\u00f3n de censura\u00bb. As\u00ed que Vox, el tercer partido espa\u00f1ol por representaci\u00f3n parlamentaria, pact\u00f3 con un profesor jubilado y nonagenario la presentaci\u00f3n de una moci\u00f3n de censura, instrumento pensado para impugnar presidentes.<\/p>\n<p class=\"voc-paragraph\">Siendo muy generosos se podr\u00eda entender que un acuerdo de grupos de la derecha hubiese llevado a buscar una figura independiente que los representase. Estar\u00eda todo cogido con alfileres y tendr\u00eda un dudoso apoyo social, pero que Abascal vaya a buscar a su casa a Tamames para ponerlo delante del toro es demencial.<\/p>\n<p class=\"voc-paragraph\">\u00bfPor qu\u00e9 no defienden la moci\u00f3n Espinosa de los Monteros, Ortega Smith o cualquier otro dirigente del partido? Al parecer tuvieron que pactar el discurso porque Tamames es europe\u00edsta y no le provoca dislexia el alfabeto chino mandar\u00edn. Abascal dice que el acuerdo permitir\u00e1 \u00abpresentar una moci\u00f3n de censura hist\u00f3rica\u00bb. M\u00e1s que hist\u00f3rica, \u00fanica.<\/p>\n<div class=\"voc-detail__cmp voc-detail__cmp--title voc-detail__cmp--no-margin\">\n<h3 class=\"voc-detail__title\">Tarjeta<\/h3>\n<\/div>\n<p class=\"voc-paragraph\">\u00abUna oportunidad hist\u00f3rica para fortalecer el transporte p\u00fablico de nuestra regi\u00f3n\u00bb. Eso dec\u00eda Alejandro Calvo, consejero de Medio Rural y Cohesi\u00f3n Territorial ante la posibilidad de integrar en una tarjea el bono gratuito de tren y la tarifa plana del autob\u00fas. Venimos del en\u00e9simo aplazamiento de la entrada en servicio de la variante de Pajares y del esc\u00e1ndalo de los trenes que no caben por los t\u00faneles y se animan a calificar de \u00aboportunidad hist\u00f3rica\u00bb una medida burocr\u00e1tica que la pod\u00edan haber tomado hace un a\u00f1o, dos o cinco.<\/p>\n<p class=\"voc-paragraph\">Los propios firmantes del Acuerdo de la Castellana est\u00e1n aguando lo pactado al poner todo el \u00e9nfasis en la gratuidad de los viajes y otras medidas anexas como la tarjeta de marras. El d\u00e9ficit en las comunicaciones ferroviarias asturianas es enorme y no cabe dulcificar la situaci\u00f3n regalando el billete durante tres a\u00f1os. El problema est\u00e1 en el retraso del Plan de Cercan\u00edas y la inc\u00f3gnita sobre la renovaci\u00f3n de los trenes (todas las promesas que incumplieron los ministros estaban escritas en papeles) y la alta velocidad que no llega a las ciudades.<\/p>\n<div class=\"voc-detail__cmp voc-detail__cmp--title voc-detail__cmp--no-margin\">\n<h3 class=\"voc-detail__title\">Pelayo<\/h3>\n<\/div>\n<p class=\"voc-paragraph\">\u00abLa Universidad se vende a ritmo de rap: &#8216;Pelayo hubiera querido estudiar aqu\u00ed&#8217;\u00bb. Resulta que el equipo rectoral est\u00e1 preocupado por el escaso n\u00famero de estudiantes extranjeros en el alma mater. Para mejorar el porcentaje conf\u00edan en los oficios de una estrella del rap (Gazir) que va animar a emigrar a j\u00f3venes latinoamericanos con sus actuaciones en TikTok.<\/p>\n<p class=\"voc-paragraph\">Las letras enganchan, la verdad. Dos ejemplos: \u00abNos gusta el campo, pero tambi\u00e9n el Campoamor\u00bb; \u00abnuestras mentes no est\u00e1n verdes, pero nuestros paisajes, s\u00ed\u00bb. As\u00ed se toca la fibra de tanto estudiante indeciso.<\/p>\n<p class=\"voc-paragraph\">El rector considera que, con gesto serio y encorbatado, no llega a los j\u00f3venes. Las grandes universidades americanas, con mayor\u00eda de estudiantado extranjero, est\u00e1n gobernadas por rectores serios y encorbatados. All\u00ed y aqu\u00ed la gente no se matricula por la foto del rector ni por los pareados de los artistas. Bastar\u00eda con mejorar en los rankings para ser atractivos.<\/p>\n<div class=\"voc-detail__cmp voc-detail__cmp--title voc-detail__cmp--no-margin\">\n<h3 class=\"voc-detail__title\">El Molin\u00f3n<\/h3>\n<\/div>\n<p class=\"voc-paragraph\">\u00abQueremos recomprar Mareo; el Sporting tiene una responsabilidad con Gij\u00f3n\u00bb. Hace unos meses solo se hablaba del plan para trasladar El Molin\u00f3n, \u00abunos metros\u00bb y convertir la zona en un centro de riqueza, servicios, dos torres y diversi\u00f3n. Los portavoces municipales fueron a Madrid a conocer el proyecto y quedaron impactados. Cuando se abordaba la financiaci\u00f3n sal\u00edan a relucir conceptos, como &#8216;naming&#8217;, palcos VIP, etc.<\/p>\n<p class=\"voc-paragraph\">El asunto qued\u00f3 aparcado cuando el padre del proyecto lo cifr\u00f3 en 300 millones de euros. Aclar\u00f3 que no lo pagar\u00eda el Ayuntamiento. Algo es algo.<\/p>\n<p class=\"voc-paragraph\">Ahora el objeto del deseo es Mareo. El presidente del club, David Guerra reconoci\u00f3 que la entidad tiene una responsabilidad con Gij\u00f3n. S\u00ed, se\u00f1or. El vecindario lo tiene claro, la responsabilidad consiste en ganar los partidos. Si lo logra, todos contentos. Ya saldr\u00e1n los 300 millones.<\/p>\n<div class=\"voc-detail__cmp voc-detail__cmp--title voc-detail__cmp--no-margin\">\n<h3 class=\"voc-detail__title\">Hotel<\/h3>\n<\/div>\n<p class=\"voc-paragraph\">\u00abLa Universidad revisa el modelo de la residencia para que tambi\u00e9n tenga un uso hotelero\u00bb. Comprendo que es una apreciaci\u00f3n personal y puede estar descaminada, pero nunca cre\u00ed que hubiera una demanda oculta sin satisfacer detr\u00e1s de la residencia universitaria. Si quieren los responsables universitarios la construyen, pero en caso contrario no dejan a nadie en la calle.<\/p>\n<p class=\"voc-paragraph\">Ahora bien, reorientar el proyecto hacia un uso mixto, entre universitario y hotelero, resulta chocante. Como los acad\u00e9micos est\u00e1n en su mundo, no s\u00e9 si habr\u00e1n reparado que se disponen a competir con un sector, el hotelero, que trabaja duro empleando a mucha gente. Una competencia desigual porque la residencia se financia con impuestos y los hoteleros pagan impuestos e ingresan el fruto de su trabajo.<\/p>\n<p class=\"voc-paragraph\">No dudo que las administraciones les dar\u00edan todo tipo de licencias, porque entre bomberos no nos pisamos la manguera, pero es un poco fuerte. Espero que no se les ocurra un d\u00eda hacer un peri\u00f3dico.<\/p>\n<!-- AddThis Advanced Settings generic via filter on the_content --><!-- AddThis Share Buttons generic via filter on the_content -->","protected":false},"excerpt":{"rendered":"<p>El escenario electoral se supone que es el marco adecuado para debatir sobre las cuestiones que importan a la sociedad. Los partidos pol\u00edticos se esfuerzan en redactar programas electorales que llevan propuestas sobre los asuntos de inter\u00e9s. Un enfoque plenamente racional que no se corresponde con la realidad. Hace mucho que la pol\u00edtica y las [&hellip;]<!-- AddThis Advanced Settings generic via filter on get_the_excerpt --><!-- AddThis Share Buttons generic via filter on get_the_excerpt --><\/p>\n","protected":false},"author":2,"featured_media":0,"comment_status":"open","ping_status":"open","sticky":false,"template":"","format":"standard","meta":[],"categories":[1],"tags":[],"_links":{"self":[{"href":"https:\/\/blogs.elcomercio.es\/largo_de_cafe\/wp-json\/wp\/v2\/posts\/9010"}],"collection":[{"href":"https:\/\/blogs.elcomercio.es\/largo_de_cafe\/wp-json\/wp\/v2\/posts"}],"about":[{"href":"https:\/\/blogs.elcomercio.es\/largo_de_cafe\/wp-json\/wp\/v2\/types\/post"}],"author":[{"embeddable":true,"href":"https:\/\/blogs.elcomercio.es\/largo_de_cafe\/wp-json\/wp\/v2\/users\/2"}],"replies":[{"embeddable":true,"href":"https:\/\/blogs.elcomercio.es\/largo_de_cafe\/wp-json\/wp\/v2\/comments?post=9010"}],"version-history":[{"count":1,"href":"https:\/\/blogs.elcomercio.es\/largo_de_cafe\/wp-json\/wp\/v2\/posts\/9010\/revisions"}],"predecessor-version":[{"id":9011,"href":"https:\/\/blogs.elcomercio.es\/largo_de_cafe\/wp-json\/wp\/v2\/posts\/9010\/revisions\/9011"}],"wp:attachment":[{"href":"https:\/\/blogs.elcomercio.es\/largo_de_cafe\/wp-json\/wp\/v2\/media?parent=9010"}],"wp:term":[{"taxonomy":"category","embeddable":true,"href":"https:\/\/blogs.elcomercio.es\/largo_de_cafe\/wp-json\/wp\/v2\/categories?post=9010"},{"taxonomy":"post_tag","embeddable":true,"href":"https:\/\/blogs.elcomercio.es\/largo_de_cafe\/wp-json\/wp\/v2\/tags?post=9010"}],"curies":[{"name":"wp","href":"https:\/\/api.w.org\/{rel}","templated":true}]}}