{"id":9016,"date":"2023-03-03T22:23:25","date_gmt":"2023-03-03T21:23:25","guid":{"rendered":"https:\/\/blogs.elcomercio.es\/largo_de_cafe\/?p=9016"},"modified":"2023-03-03T22:23:25","modified_gmt":"2023-03-03T21:23:25","slug":"borrar-a-los-criticos","status":"publish","type":"post","link":"https:\/\/blogs.elcomercio.es\/largo_de_cafe\/2023\/03\/03\/borrar-a-los-criticos\/","title":{"rendered":"BORRAR A LOS CRITICOS"},"content":{"rendered":"<p class=\"voc-paragraph\">El plan de depuraci\u00f3n de Podemos sigue cumpliendo etapas con la mirada puesta en borrar al sector cr\u00edtico de los \u00f3rganos de direcci\u00f3n y contar con una representaci\u00f3n parlamentaria que responda a los intereses del aparato. Expulsan del partido a Daniel Ripa y a Andr\u00e9s Fern\u00e1ndez Vilanova, &#8216;Ron&#8217;, los dos principales dirigentes del partido en Asturias hasta que en Madrid decidieron poner patas arriba a la organizaci\u00f3n regional. Tambi\u00e9n suspendieron de militancia a Jorge Fern\u00e1ndez, quedando sin derecho a participar en \u00f3rganos de direcci\u00f3n (luego vuelvo sobre la sanci\u00f3n a Fern\u00e1ndez). En cualquier disputa la manera m\u00e1s segura de ganar consiste en echar a los rivales.<\/p>\n<p class=\"voc-paragraph\">El sector cr\u00edtico quedar\u00e1 diezmado, pero lo m\u00e1s curioso es que los oficialistas est\u00e1n en cuadro. La m\u00e1xima autoridad, Sof\u00eda Casta\u00f1\u00f3n, est\u00e1 de baja; previamente eludi\u00f3 encabezar la lista auton\u00f3mica. Sirve para esto el razonamiento anterior: la mejor manera de evitar batacazos electorales consiste en dejar el puesto a otro. Su mano derecha (&#8216;hermana en ideas&#8217;), Alba Gonz\u00e1lez, perdi\u00f3 las primarias y, luego, se despidi\u00f3 por razones personales, no sin antes lanzar un ataque furibundo a Covadonga Tom\u00e9 y Daniel Ripa, entre otros. El caso es que queda Rafael Palacios, como profesional multiusos, capaz de simultanear la portavoc\u00eda parlamentaria con la secretar\u00eda de Acci\u00f3n Institucional y la responsabilidad de ser coordinador auton\u00f3mico interino. Admirable pluriempleado. Bien es cierto que le ayuda Ana Taboada (\u00a1vaya papel\u00f3n el que juega la exvicealcaldesa de Oviedo!). Taboada se atrevi\u00f3 a decir que se acaba \u00abuna desagradable etapa caracterizada por la patrimonializaci\u00f3n de un proyecto colectivo y ataques sistem\u00e1ticos y sin raz\u00f3n\u00bb. Hablan de patrimonializar cuando dejan al partido convertido en un chiringuito.<\/p>\n<p class=\"voc-paragraph\">Expulsar a los cr\u00edticos de \u00f3rganos de direcci\u00f3n es la primera parte del plan, que tiene una segunda parte fundamental, consistente en modificar la candidatura electoral ganadora de las primarias, encabezada por Covadonga Tom\u00e9 (con esta mujer no van a poder). Volvemos con el depurado Jorge Fern\u00e1ndez, cuarto en la candidatura, que al ser inhabilitado dejar\u00e1 el puesto al quinto, que vuelve a ser el inevitable Rafael Palacios. El aparato tiene otra urgencia: el abandono del esca\u00f1o por parte de Ripa. Ah\u00ed hay un salario que no se puede dejar para los rivales. Y con esta forma de proceder tendr\u00e1n el cuajo de pedir a la gente que los vote, como partido democr\u00e1tico de izquierdas.<\/p>\n<!-- AddThis Advanced Settings generic via filter on the_content --><!-- AddThis Share Buttons generic via filter on the_content -->","protected":false},"excerpt":{"rendered":"<p>El plan de depuraci\u00f3n de Podemos sigue cumpliendo etapas con la mirada puesta en borrar al sector cr\u00edtico de los \u00f3rganos de direcci\u00f3n y contar con una representaci\u00f3n parlamentaria que responda a los intereses del aparato. Expulsan del partido a Daniel Ripa y a Andr\u00e9s Fern\u00e1ndez Vilanova, &#8216;Ron&#8217;, los dos principales dirigentes del partido en [&hellip;]<!-- AddThis Advanced Settings generic via filter on get_the_excerpt --><!-- AddThis Share Buttons generic via filter on get_the_excerpt --><\/p>\n","protected":false},"author":2,"featured_media":0,"comment_status":"open","ping_status":"open","sticky":false,"template":"","format":"standard","meta":[],"categories":[1],"tags":[],"_links":{"self":[{"href":"https:\/\/blogs.elcomercio.es\/largo_de_cafe\/wp-json\/wp\/v2\/posts\/9016"}],"collection":[{"href":"https:\/\/blogs.elcomercio.es\/largo_de_cafe\/wp-json\/wp\/v2\/posts"}],"about":[{"href":"https:\/\/blogs.elcomercio.es\/largo_de_cafe\/wp-json\/wp\/v2\/types\/post"}],"author":[{"embeddable":true,"href":"https:\/\/blogs.elcomercio.es\/largo_de_cafe\/wp-json\/wp\/v2\/users\/2"}],"replies":[{"embeddable":true,"href":"https:\/\/blogs.elcomercio.es\/largo_de_cafe\/wp-json\/wp\/v2\/comments?post=9016"}],"version-history":[{"count":1,"href":"https:\/\/blogs.elcomercio.es\/largo_de_cafe\/wp-json\/wp\/v2\/posts\/9016\/revisions"}],"predecessor-version":[{"id":9017,"href":"https:\/\/blogs.elcomercio.es\/largo_de_cafe\/wp-json\/wp\/v2\/posts\/9016\/revisions\/9017"}],"wp:attachment":[{"href":"https:\/\/blogs.elcomercio.es\/largo_de_cafe\/wp-json\/wp\/v2\/media?parent=9016"}],"wp:term":[{"taxonomy":"category","embeddable":true,"href":"https:\/\/blogs.elcomercio.es\/largo_de_cafe\/wp-json\/wp\/v2\/categories?post=9016"},{"taxonomy":"post_tag","embeddable":true,"href":"https:\/\/blogs.elcomercio.es\/largo_de_cafe\/wp-json\/wp\/v2\/tags?post=9016"}],"curies":[{"name":"wp","href":"https:\/\/api.w.org\/{rel}","templated":true}]}}