{"id":9025,"date":"2023-03-08T00:30:44","date_gmt":"2023-03-07T23:30:44","guid":{"rendered":"https:\/\/blogs.elcomercio.es\/largo_de_cafe\/?p=9025"},"modified":"2023-03-08T00:30:44","modified_gmt":"2023-03-07T23:30:44","slug":"azar-ambiente-y-urnas","status":"publish","type":"post","link":"https:\/\/blogs.elcomercio.es\/largo_de_cafe\/2023\/03\/08\/azar-ambiente-y-urnas\/","title":{"rendered":"AZAR, AMBIENTE Y URNAS"},"content":{"rendered":"<p class=\"v-p\">En el resultado electoral influye m\u00e1s la capacidad de los candidatos para dar respuesta a las cuestiones que vayan surgiendo en los \u00faltimos meses del mandato que las propuestas program\u00e1ticas y las cr\u00edticas realizadas en ese tiempo. Mes y medio atr\u00e1s, surgi\u00f3 el esc\u00e1ndalo de los trenes de Feve, sin que el PSOE, desde el Gobierno, y el resto de partidos, desde la oposici\u00f3n, supieran dar una respuesta. Si un partido hubiera encabezado la denuncia, el 24 de enero, cuando este medio public\u00f3 la noticia, habr\u00eda subido muchos enteros en los sondeos.<\/p>\n<div class=\"v-c-cmp v-n-mrg\">\n<h3 class=\"v-d-cmp-sub-hl\">Inundaciones<\/h3>\n<\/div>\n<p class=\"v-p\">En el mes de agosto de 2002, el canciller socialdem\u00f3crata alem\u00e1n, Gerhard Schr\u00f6eder, estaba en las encuestas a seis puntos de su rival, Edmund Stoiber (CSU). Hab\u00eda cuatro millones de parados en Alemania y el PIB crec\u00eda a un ritmo del 0,3%. La derrota se mascaba. Hubo lluvias torrenciales en el centro de Europa, se desbordaron los r\u00edos Elba y Danubio. En Sajonia (Alemania del este) murieron 33 personas. Schr\u00f6eder se volc\u00f3 en las ayudas y las encuestas empezaron a cambiar. La prensa alemana comenz\u00f3 a hablar del &#8216;efecto inundaciones&#8217;. Las cr\u00f3nicas hac\u00edan un paralelismo entre la subida de las aguas del Elba y la crecida del voto socialdem\u00f3crata. En septiembre, Schr\u00f6eder venci\u00f3 en los comicios y obtuvo en el Reichtag la &#8216;mayor\u00eda del canciller&#8217;.<\/p>\n<p class=\"v-p\">Es cuesti\u00f3n de reflejos, como los tuvo Felipe Gonz\u00e1lez el 20 de octubre de 1982, cuando faltaban ocho d\u00edas para el triunfo hist\u00f3rico de los 202 diputados; las inundaciones rompieron la presa de Tous y las aguas llegaron a subir ocho metros en la cuenca del J\u00facar. A la lluvia torrencial se sumaron fallos t\u00e9cnicos y estructurales del pantano. El Tribunal Supremo conden\u00f3 a\u00f1os m\u00e1s tarde a un ingeniero. Decenas de muertos. El candidato socialista interrumpi\u00f3 la agenda y se fue con dos escoltas, en un coche, al escenario de la tragedia. El presidente del partido, Ram\u00f3n Rubial, ech\u00f3 una reprimenda hist\u00f3rica al equipo de campa\u00f1a por dejar correr riesgos a Gonz\u00e1lez. Ning\u00fan otro candidato visit\u00f3 el lugar. Seis d\u00edas m\u00e1s tarde, en el mitin de cierre de campa\u00f1a, en Madrid, el l\u00edder socialista dec\u00eda, \u00aba esa derecha le pertenece la presa de Tous, no El Quijote ni los puentes romanos\u00bb.<\/p>\n<p class=\"v-p\">Traigo estos ejemplos a colaci\u00f3n para concluir que el azar, en forma de inclemencia atmosf\u00e9rica, puede decidir el resultado electoral.<\/p>\n<div class=\"v-c-cmp v-n-mrg\">\n<h3 class=\"v-d-cmp-sub-hl\">Percepciones<\/h3>\n<\/div>\n<p class=\"v-p\">En el presente, el esc\u00e1ndalo del Tito Berni tambi\u00e9n se cruza en la campa\u00f1a de las auton\u00f3micas. El n\u00facleo del asunto est\u00e1 en las mordidas entre empresarios y pol\u00edticos, pero el &#8216;affaire&#8217; adquiere otra dimensi\u00f3n con las s\u00f3rdidas fotos de los &#8216;presuntos&#8217; con prostitutas. Todo lo que tiene una imagen potente penetra mucho m\u00e1s en la poblaci\u00f3n. En otra cuesti\u00f3n, completamente diferente, como es el fiasco de los trenes de Feve, si el error no hubiese sido tan f\u00e1cil de representar (m\u00e1quinas que no caben por t\u00faneles), la proyecci\u00f3n del esc\u00e1ndalo hubiese sido muy inferior.<\/p>\n<p class=\"v-p\">La deslocalizaci\u00f3n de Ferrovial es otro tema que incide en la opini\u00f3n p\u00fablica. La desconfianza de las grandes empresas en la seguridad jur\u00eddica espa\u00f1ola es una novedad. \u00bfQu\u00e9 imagen se har\u00e1n de Espa\u00f1a los socios europeos al ver c\u00f3mo una de sus principales empresas emigra a Holanda? Cunde el temor a que la actuaci\u00f3n de Ferrovial sea imitada por otras multinacionales espa\u00f1olas. Todo ello precedido de una campa\u00f1a gratuita del Gobierno de acoso a las grandes empresas y bancos, con intervenciones parlamentarias de Pedro S\u00e1nchez calcadas de las que hac\u00eda Pablo Iglesias hace un par de a\u00f1os. La b\u00fasqueda del voto por la v\u00eda de resucitar la lucha de clases.<\/p>\n<p class=\"v-p\">Todas estas cuestiones no tienen relaci\u00f3n con las competencias ni con la gesti\u00f3n de los gobiernos auton\u00f3micos, pero crean un ambiente que propende a votar en una u otra direcci\u00f3n en los pr\u00f3ximos comicios de mayo. Las elecciones no dependen s\u00f3lo de las campa\u00f1as, sino de la percepci\u00f3n que tienen los ciudadanos de c\u00f3mo est\u00e1n de defendidos o amenazados los intereses generales y los propios de su familia.<\/p>\n<div class=\"v-c-cmp v-n-mrg\">\n<h3 class=\"v-d-cmp-sub-hl\">Expectativas<\/h3>\n<\/div>\n<p class=\"v-p\">Puestos a describir cuestiones externas que tienen influencia sobre la conciencia del votante, ninguna m\u00e1s fuerte que la inflaci\u00f3n. Si uno mira con perspectiva los cuarenta y tantos a\u00f1os de contiendas electorales, recapitular\u00e1 que en los resultados tuvieron una influencia decisiva el poder adquisitivo de las pensiones y la capacidad de compra de las amas de casa en el supermercado. En los discursos se habla del Estado de Bienestar, de la sanidad, la educaci\u00f3n y los servicios sociales, pero fuera de los programas hay un clima social que empuja a votar en una u otra direcci\u00f3n. Ese clima se crea con datos, an\u00e9cdotas, sensaciones. En la \u00faltima Encuesta de Poblaci\u00f3n Activa (EPA), Asturias ten\u00eda un 14,4% de desempleo. S\u00f3lo est\u00e1n peor Andaluc\u00eda, Canarias y Extremadura.<\/p>\n<p class=\"v-p\">Pese al incremento de financiaci\u00f3n que aportan los fondos Next Generation, sin los cuales los presupuestos de comunidades aut\u00f3nomas y ayuntamientos estar\u00edan muy mermados, las expectativas de la gente no son tan optimistas como se auguraban cuando el Consejo Europeo decidi\u00f3 manejar la manguera de los fondos y mojar a Espa\u00f1a con 140.000 millones de euros.<\/p>\n<p class=\"v-p\">El ambiente, los hechos que rodean a la campa\u00f1a electoral, son m\u00e1s importantes que m\u00edtines, fotos y promesas. Pero no es todo. Hay una fuerza que opera en sentido contrario, porque va de dentro a afuera: la ideolog\u00eda. Una divisi\u00f3n mental entre buenos y malos que perdona siempre a los mismos y condena a los de toda la vida.<\/p>\n<p>&nbsp;<\/p>\n<!-- AddThis Advanced Settings generic via filter on the_content --><!-- AddThis Share Buttons generic via filter on the_content -->","protected":false},"excerpt":{"rendered":"<p>En el resultado electoral influye m\u00e1s la capacidad de los candidatos para dar respuesta a las cuestiones que vayan surgiendo en los \u00faltimos meses del mandato que las propuestas program\u00e1ticas y las cr\u00edticas realizadas en ese tiempo. Mes y medio atr\u00e1s, surgi\u00f3 el esc\u00e1ndalo de los trenes de Feve, sin que el PSOE, desde el [&hellip;]<!-- AddThis Advanced Settings generic via filter on get_the_excerpt --><!-- AddThis Share Buttons generic via filter on get_the_excerpt --><\/p>\n","protected":false},"author":2,"featured_media":0,"comment_status":"open","ping_status":"open","sticky":false,"template":"","format":"standard","meta":[],"categories":[1],"tags":[],"_links":{"self":[{"href":"https:\/\/blogs.elcomercio.es\/largo_de_cafe\/wp-json\/wp\/v2\/posts\/9025"}],"collection":[{"href":"https:\/\/blogs.elcomercio.es\/largo_de_cafe\/wp-json\/wp\/v2\/posts"}],"about":[{"href":"https:\/\/blogs.elcomercio.es\/largo_de_cafe\/wp-json\/wp\/v2\/types\/post"}],"author":[{"embeddable":true,"href":"https:\/\/blogs.elcomercio.es\/largo_de_cafe\/wp-json\/wp\/v2\/users\/2"}],"replies":[{"embeddable":true,"href":"https:\/\/blogs.elcomercio.es\/largo_de_cafe\/wp-json\/wp\/v2\/comments?post=9025"}],"version-history":[{"count":1,"href":"https:\/\/blogs.elcomercio.es\/largo_de_cafe\/wp-json\/wp\/v2\/posts\/9025\/revisions"}],"predecessor-version":[{"id":9026,"href":"https:\/\/blogs.elcomercio.es\/largo_de_cafe\/wp-json\/wp\/v2\/posts\/9025\/revisions\/9026"}],"wp:attachment":[{"href":"https:\/\/blogs.elcomercio.es\/largo_de_cafe\/wp-json\/wp\/v2\/media?parent=9025"}],"wp:term":[{"taxonomy":"category","embeddable":true,"href":"https:\/\/blogs.elcomercio.es\/largo_de_cafe\/wp-json\/wp\/v2\/categories?post=9025"},{"taxonomy":"post_tag","embeddable":true,"href":"https:\/\/blogs.elcomercio.es\/largo_de_cafe\/wp-json\/wp\/v2\/tags?post=9025"}],"curies":[{"name":"wp","href":"https:\/\/api.w.org\/{rel}","templated":true}]}}